{"id":3988,"date":"2024-11-21T20:41:53","date_gmt":"2024-11-21T19:41:53","guid":{"rendered":"https:\/\/soswzgorzelec.eu\/?p=3988"},"modified":"2024-11-21T20:41:55","modified_gmt":"2024-11-21T19:41:55","slug":"lekcja-doradztwa-zawodowego","status":"publish","type":"post","link":"https:\/\/soswzgorzelec.eu\/?p=3988","title":{"rendered":"Lekcja doradztwa zawodowego"},"content":{"rendered":"\n<p class=\"wp-block-paragraph\">19.11.2024r. klasy 4u-5us i 4us-5u wybra\u0142y si\u0119 w ramach lekcji z doradztwa zawodowego do Powiatowego Centrum Pomocy Rodzinie w Zgorzelcu. Celem naszego wyj\u015bcia by\u0142o zapoznanie si\u0119 z prac\u0105 urz\u0119dnika pa\u0144stwowego. Dzi\u0119ki uprzejmo\u015bci pani Katarzyny Garbowskiej uczniowie mieli mo\u017cliwo\u015b\u0107 wydrukowania swoich w\u0142asnych dokument\u00f3w, przybicia urz\u0119dowych piecz\u0105tek, nauczyli si\u0119 obs\u0142ugiwa\u0107 ksero i niszczark\u0119. Na koniec wszyscy zebrali si\u0119 w gabinecie Pani Dyrektor na zebraniu ca\u0142ego zespo\u0142u. To by\u0142a bardzo ciekawa lekcja. Jeszcze raz dzi\u0119kujemy ca\u0142emu zespo\u0142owi PCPR-u za pokazanie nam na czym polega praca urz\u0119dnika&#8221;&nbsp;<\/p>\n\n\n\n<figure class=\"wp-block-gallery has-nested-images columns-default is-cropped wp-block-gallery-1 is-layout-flex wp-block-gallery-is-layout-flex\">\n<figure class=\"wp-block-image size-large\"><img fetchpriority=\"high\" decoding=\"async\" width=\"1024\" height=\"1024\" data-id=\"3990\" src=\"https:\/\/soswzgorzelec.eu\/wp-content\/uploads\/2024\/11\/GridArt_20241119_094646664_1-1024x1024.jpg\" alt=\"\" class=\"wp-image-3990\" srcset=\"https:\/\/soswzgorzelec.eu\/wp-content\/uploads\/2024\/11\/GridArt_20241119_094646664_1-1024x1024.jpg 1024w, https:\/\/soswzgorzelec.eu\/wp-content\/uploads\/2024\/11\/GridArt_20241119_094646664_1-300x300.jpg 300w, https:\/\/soswzgorzelec.eu\/wp-content\/uploads\/2024\/11\/GridArt_20241119_094646664_1-150x150.jpg 150w, https:\/\/soswzgorzelec.eu\/wp-content\/uploads\/2024\/11\/GridArt_20241119_094646664_1-768x768.jpg 768w, https:\/\/soswzgorzelec.eu\/wp-content\/uploads\/2024\/11\/GridArt_20241119_094646664_1-1536x1536.jpg 1536w, https:\/\/soswzgorzelec.eu\/wp-content\/uploads\/2024\/11\/GridArt_20241119_094646664_1-80x80.jpg 80w, https:\/\/soswzgorzelec.eu\/wp-content\/uploads\/2024\/11\/GridArt_20241119_094646664_1-320x320.jpg 320w, https:\/\/soswzgorzelec.eu\/wp-content\/uploads\/2024\/11\/GridArt_20241119_094646664_1.jpg 2048w\" sizes=\"(max-width: 1024px) 100vw, 1024px\" \/><\/figure>\n\n\n\n<figure class=\"wp-block-image size-large\"><img decoding=\"async\" width=\"1024\" height=\"1024\" data-id=\"3991\" src=\"https:\/\/soswzgorzelec.eu\/wp-content\/uploads\/2024\/11\/GridArt_20241119_094718617_1-1024x1024.jpg\" alt=\"\" class=\"wp-image-3991\" srcset=\"https:\/\/soswzgorzelec.eu\/wp-content\/uploads\/2024\/11\/GridArt_20241119_094718617_1-1024x1024.jpg 1024w, https:\/\/soswzgorzelec.eu\/wp-content\/uploads\/2024\/11\/GridArt_20241119_094718617_1-300x300.jpg 300w, https:\/\/soswzgorzelec.eu\/wp-content\/uploads\/2024\/11\/GridArt_20241119_094718617_1-150x150.jpg 150w, https:\/\/soswzgorzelec.eu\/wp-content\/uploads\/2024\/11\/GridArt_20241119_094718617_1-768x768.jpg 768w, https:\/\/soswzgorzelec.eu\/wp-content\/uploads\/2024\/11\/GridArt_20241119_094718617_1-1536x1536.jpg 1536w, https:\/\/soswzgorzelec.eu\/wp-content\/uploads\/2024\/11\/GridArt_20241119_094718617_1-80x80.jpg 80w, https:\/\/soswzgorzelec.eu\/wp-content\/uploads\/2024\/11\/GridArt_20241119_094718617_1-320x320.jpg 320w, https:\/\/soswzgorzelec.eu\/wp-content\/uploads\/2024\/11\/GridArt_20241119_094718617_1.jpg 2048w\" sizes=\"(max-width: 1024px) 100vw, 1024px\" \/><\/figure>\n\n\n\n<figure class=\"wp-block-image size-large\"><img decoding=\"async\" width=\"1024\" height=\"1024\" data-id=\"3992\" src=\"https:\/\/soswzgorzelec.eu\/wp-content\/uploads\/2024\/11\/GridArt_20241119_094742604_1-1024x1024.jpg\" alt=\"\" class=\"wp-image-3992\" srcset=\"https:\/\/soswzgorzelec.eu\/wp-content\/uploads\/2024\/11\/GridArt_20241119_094742604_1-1024x1024.jpg 1024w, https:\/\/soswzgorzelec.eu\/wp-content\/uploads\/2024\/11\/GridArt_20241119_094742604_1-300x300.jpg 300w, https:\/\/soswzgorzelec.eu\/wp-content\/uploads\/2024\/11\/GridArt_20241119_094742604_1-150x150.jpg 150w, https:\/\/soswzgorzelec.eu\/wp-content\/uploads\/2024\/11\/GridArt_20241119_094742604_1-768x768.jpg 768w, https:\/\/soswzgorzelec.eu\/wp-content\/uploads\/2024\/11\/GridArt_20241119_094742604_1-1536x1536.jpg 1536w, https:\/\/soswzgorzelec.eu\/wp-content\/uploads\/2024\/11\/GridArt_20241119_094742604_1-80x80.jpg 80w, https:\/\/soswzgorzelec.eu\/wp-content\/uploads\/2024\/11\/GridArt_20241119_094742604_1-320x320.jpg 320w, https:\/\/soswzgorzelec.eu\/wp-content\/uploads\/2024\/11\/GridArt_20241119_094742604_1.jpg 2048w\" sizes=\"(max-width: 1024px) 100vw, 1024px\" \/><\/figure>\n<\/figure>\n","protected":false},"excerpt":{"rendered":"<p>19.11.2024r. klasy 4u-5us i 4us-5u wybra\u0142y si\u0119 w ramach lekcji z doradztwa zawodowego do Powiatowego Centrum Pomocy Rodzinie w Zgorzelcu. Celem naszego wyj\u015bcia by\u0142o zapoznanie si\u0119 z prac\u0105 urz\u0119dnika pa\u0144stwowego. Dzi\u0119ki uprzejmo\u015bci pani Katarzyny&#46;&#46;&#46;<\/p>\n","protected":false},"author":2,"featured_media":3992,"comment_status":"closed","ping_status":"closed","sticky":false,"template":"","format":"standard","meta":{"footnotes":""},"categories":[6],"tags":[],"class_list":["post-3988","post","type-post","status-publish","format-standard","has-post-thumbnail","hentry","category-aktualnosci-szkolne-nowosci-ze-sosw"],"yoast_head":"<!-- This site is optimized with the Yoast SEO plugin v28.4 - https:\/\/yoast.com\/product\/yoast-seo-wordpress\/ -->\n<title>Lekcja doradztwa zawodowego - Specjalny O\u015brodek Szkolno-Wychowawczy im. Marii Grzegorzewskiej w Zgorzelcu<\/title>\n<meta name=\"robots\" content=\"index, follow, max-snippet:-1, max-image-preview:large, max-video-preview:-1\" \/>\n<link rel=\"canonical\" href=\"https:\/\/soswzgorzelec.eu\/?p=3988\" \/>\n<meta property=\"og:locale\" content=\"pl_PL\" \/>\n<meta property=\"og:type\" content=\"article\" \/>\n<meta property=\"og:title\" content=\"Lekcja doradztwa zawodowego - Specjalny O\u015brodek Szkolno-Wychowawczy im. Marii Grzegorzewskiej w Zgorzelcu\" \/>\n<meta property=\"og:description\" content=\"19.11.2024r. klasy 4u-5us i 4us-5u wybra\u0142y si\u0119 w ramach lekcji z doradztwa zawodowego do Powiatowego Centrum Pomocy Rodzinie w Zgorzelcu. Celem naszego wyj\u015bcia by\u0142o zapoznanie si\u0119 z prac\u0105 urz\u0119dnika pa\u0144stwowego. Dzi\u0119ki uprzejmo\u015bci pani Katarzyny&#046;&#046;&#046;\" \/>\n<meta property=\"og:url\" content=\"https:\/\/soswzgorzelec.eu\/?p=3988\" \/>\n<meta property=\"og:site_name\" content=\"Specjalny O\u015brodek Szkolno-Wychowawczy im. Marii Grzegorzewskiej w Zgorzelcu\" \/>\n<meta property=\"article:publisher\" content=\"https:\/\/www.facebook.com\/SOSW-im-Marii-Grzegorzewskiej-w-Zgorzelcu-276506309055391\" \/>\n<meta property=\"article:published_time\" content=\"2024-11-21T19:41:53+00:00\" \/>\n<meta property=\"article:modified_time\" content=\"2024-11-21T19:41:55+00:00\" \/>\n<meta property=\"og:image\" content=\"https:\/\/soswzgorzelec.eu\/wp-content\/uploads\/2024\/11\/GridArt_20241119_094742604_1.jpg\" \/>\n\t<meta property=\"og:image:width\" content=\"2048\" \/>\n\t<meta property=\"og:image:height\" content=\"2048\" \/>\n\t<meta property=\"og:image:type\" content=\"image\/jpeg\" \/>\n<meta name=\"author\" content=\"redaktor\" \/>\n<meta name=\"twitter:card\" content=\"summary_large_image\" \/>\n<meta name=\"twitter:label1\" content=\"Napisane przez\" \/>\n\t<meta name=\"twitter:data1\" content=\"redaktor\" \/>\n\t<meta name=\"twitter:label2\" content=\"Szacowany czas czytania\" \/>\n\t<meta name=\"twitter:data2\" content=\"2 minuty\" \/>\n<script type=\"application\/ld+json\" class=\"yoast-schema-graph\">{\"@context\":\"https:\\\/\\\/schema.org\",\"@graph\":[{\"@type\":\"Article\",\"@id\":\"https:\\\/\\\/soswzgorzelec.eu\\\/?p=3988#article\",\"isPartOf\":{\"@id\":\"https:\\\/\\\/soswzgorzelec.eu\\\/?p=3988\"},\"author\":{\"name\":\"redaktor\",\"@id\":\"https:\\\/\\\/soswzgorzelec.eu\\\/#\\\/schema\\\/person\\\/1a89c9429568b5e9faaab23db7c368cc\"},\"headline\":\"Lekcja doradztwa zawodowego\",\"datePublished\":\"2024-11-21T19:41:53+00:00\",\"dateModified\":\"2024-11-21T19:41:55+00:00\",\"mainEntityOfPage\":{\"@id\":\"https:\\\/\\\/soswzgorzelec.eu\\\/?p=3988\"},\"wordCount\":109,\"publisher\":{\"@id\":\"https:\\\/\\\/soswzgorzelec.eu\\\/#organization\"},\"image\":{\"@id\":\"https:\\\/\\\/soswzgorzelec.eu\\\/?p=3988#primaryimage\"},\"thumbnailUrl\":\"https:\\\/\\\/soswzgorzelec.eu\\\/wp-content\\\/uploads\\\/2024\\\/11\\\/GridArt_20241119_094742604_1.jpg\",\"articleSection\":[\"Aktualno\u015bci szkolne\"],\"inLanguage\":\"pl-PL\"},{\"@type\":\"WebPage\",\"@id\":\"https:\\\/\\\/soswzgorzelec.eu\\\/?p=3988\",\"url\":\"https:\\\/\\\/soswzgorzelec.eu\\\/?p=3988\",\"name\":\"Lekcja doradztwa zawodowego - Specjalny O\u015brodek Szkolno-Wychowawczy im. Marii Grzegorzewskiej w Zgorzelcu\",\"isPartOf\":{\"@id\":\"https:\\\/\\\/soswzgorzelec.eu\\\/#website\"},\"primaryImageOfPage\":{\"@id\":\"https:\\\/\\\/soswzgorzelec.eu\\\/?p=3988#primaryimage\"},\"image\":{\"@id\":\"https:\\\/\\\/soswzgorzelec.eu\\\/?p=3988#primaryimage\"},\"thumbnailUrl\":\"https:\\\/\\\/soswzgorzelec.eu\\\/wp-content\\\/uploads\\\/2024\\\/11\\\/GridArt_20241119_094742604_1.jpg\",\"datePublished\":\"2024-11-21T19:41:53+00:00\",\"dateModified\":\"2024-11-21T19:41:55+00:00\",\"breadcrumb\":{\"@id\":\"https:\\\/\\\/soswzgorzelec.eu\\\/?p=3988#breadcrumb\"},\"inLanguage\":\"pl-PL\",\"potentialAction\":[{\"@type\":\"ReadAction\",\"target\":[\"https:\\\/\\\/soswzgorzelec.eu\\\/?p=3988\"]}]},{\"@type\":\"ImageObject\",\"inLanguage\":\"pl-PL\",\"@id\":\"https:\\\/\\\/soswzgorzelec.eu\\\/?p=3988#primaryimage\",\"url\":\"https:\\\/\\\/soswzgorzelec.eu\\\/wp-content\\\/uploads\\\/2024\\\/11\\\/GridArt_20241119_094742604_1.jpg\",\"contentUrl\":\"https:\\\/\\\/soswzgorzelec.eu\\\/wp-content\\\/uploads\\\/2024\\\/11\\\/GridArt_20241119_094742604_1.jpg\",\"width\":2048,\"height\":2048,\"caption\":\"Lekcja doradztwa zawodowego\"},{\"@type\":\"BreadcrumbList\",\"@id\":\"https:\\\/\\\/soswzgorzelec.eu\\\/?p=3988#breadcrumb\",\"itemListElement\":[{\"@type\":\"ListItem\",\"position\":1,\"name\":\"Strona g\u0142\u00f3wna\",\"item\":\"https:\\\/\\\/soswzgorzelec.eu\\\/\"},{\"@type\":\"ListItem\",\"position\":2,\"name\":\"Lekcja doradztwa zawodowego\"}]},{\"@type\":\"WebSite\",\"@id\":\"https:\\\/\\\/soswzgorzelec.eu\\\/#website\",\"url\":\"https:\\\/\\\/soswzgorzelec.eu\\\/\",\"name\":\"Specjalny O\u015brodek Szkolno - Wychowawczy im.Marii Grzegorzewskiej w Zgorzelcu\",\"description\":\"SOSW im. Marii Grzegorzewskiej w Zgorzelcu\",\"publisher\":{\"@id\":\"https:\\\/\\\/soswzgorzelec.eu\\\/#organization\"},\"potentialAction\":[{\"@type\":\"SearchAction\",\"target\":{\"@type\":\"EntryPoint\",\"urlTemplate\":\"https:\\\/\\\/soswzgorzelec.eu\\\/?s={search_term_string}\"},\"query-input\":{\"@type\":\"PropertyValueSpecification\",\"valueRequired\":true,\"valueName\":\"search_term_string\"}}],\"inLanguage\":\"pl-PL\"},{\"@type\":\"Organization\",\"@id\":\"https:\\\/\\\/soswzgorzelec.eu\\\/#organization\",\"name\":\"Specjalny O\u015brodek Szkolno Wychowawczy im. Marii Grzegorzewskiej w Zgorzelcu\",\"url\":\"https:\\\/\\\/soswzgorzelec.eu\\\/\",\"logo\":{\"@type\":\"ImageObject\",\"inLanguage\":\"pl-PL\",\"@id\":\"https:\\\/\\\/soswzgorzelec.eu\\\/#\\\/schema\\\/logo\\\/image\\\/\",\"url\":\"https:\\\/\\\/soswzgorzelec.eu\\\/wp-content\\\/uploads\\\/2020\\\/10\\\/cropped-header-object.png\",\"contentUrl\":\"https:\\\/\\\/soswzgorzelec.eu\\\/wp-content\\\/uploads\\\/2020\\\/10\\\/cropped-header-object.png\",\"width\":973,\"height\":278,\"caption\":\"Specjalny O\u015brodek Szkolno Wychowawczy im. Marii Grzegorzewskiej w Zgorzelcu\"},\"image\":{\"@id\":\"https:\\\/\\\/soswzgorzelec.eu\\\/#\\\/schema\\\/logo\\\/image\\\/\"},\"sameAs\":[\"https:\\\/\\\/www.facebook.com\\\/SOSW-im-Marii-Grzegorzewskiej-w-Zgorzelcu-276506309055391\"]},{\"@type\":\"Person\",\"@id\":\"https:\\\/\\\/soswzgorzelec.eu\\\/#\\\/schema\\\/person\\\/1a89c9429568b5e9faaab23db7c368cc\",\"name\":\"redaktor\",\"image\":{\"@type\":\"ImageObject\",\"inLanguage\":\"pl-PL\",\"@id\":\"https:\\\/\\\/secure.gravatar.com\\\/avatar\\\/662a75ae97d3e694f064ce83d50568934a641b852dc7c0842b6c2746c0a4d4a6?s=96&d=mm&r=g\",\"url\":\"https:\\\/\\\/secure.gravatar.com\\\/avatar\\\/662a75ae97d3e694f064ce83d50568934a641b852dc7c0842b6c2746c0a4d4a6?s=96&d=mm&r=g\",\"contentUrl\":\"https:\\\/\\\/secure.gravatar.com\\\/avatar\\\/662a75ae97d3e694f064ce83d50568934a641b852dc7c0842b6c2746c0a4d4a6?s=96&d=mm&r=g\",\"caption\":\"redaktor\"},\"url\":\"https:\\\/\\\/soswzgorzelec.eu\\\/?author=2\"}]}<\/script>\n<!-- \/ Yoast SEO plugin. -->","yoast_head_json":{"title":"Lekcja doradztwa zawodowego - Specjalny O\u015brodek Szkolno-Wychowawczy im. Marii Grzegorzewskiej w Zgorzelcu","robots":{"index":"index","follow":"follow","max-snippet":"max-snippet:-1","max-image-preview":"max-image-preview:large","max-video-preview":"max-video-preview:-1"},"canonical":"https:\/\/soswzgorzelec.eu\/?p=3988","og_locale":"pl_PL","og_type":"article","og_title":"Lekcja doradztwa zawodowego - Specjalny O\u015brodek Szkolno-Wychowawczy im. Marii Grzegorzewskiej w Zgorzelcu","og_description":"19.11.2024r. klasy 4u-5us i 4us-5u wybra\u0142y si\u0119 w ramach lekcji z doradztwa zawodowego do Powiatowego Centrum Pomocy Rodzinie w Zgorzelcu. Celem naszego wyj\u015bcia by\u0142o zapoznanie si\u0119 z prac\u0105 urz\u0119dnika pa\u0144stwowego. Dzi\u0119ki uprzejmo\u015bci pani Katarzyny&#46;&#46;&#46;","og_url":"https:\/\/soswzgorzelec.eu\/?p=3988","og_site_name":"Specjalny O\u015brodek Szkolno-Wychowawczy im. Marii Grzegorzewskiej w Zgorzelcu","article_publisher":"https:\/\/www.facebook.com\/SOSW-im-Marii-Grzegorzewskiej-w-Zgorzelcu-276506309055391","article_published_time":"2024-11-21T19:41:53+00:00","article_modified_time":"2024-11-21T19:41:55+00:00","og_image":[{"width":2048,"height":2048,"url":"https:\/\/soswzgorzelec.eu\/wp-content\/uploads\/2024\/11\/GridArt_20241119_094742604_1.jpg","type":"image\/jpeg"}],"author":"redaktor","twitter_card":"summary_large_image","twitter_misc":{"Napisane przez":"redaktor","Szacowany czas czytania":"2 minuty"},"schema":{"@context":"https:\/\/schema.org","@graph":[{"@type":"Article","@id":"https:\/\/soswzgorzelec.eu\/?p=3988#article","isPartOf":{"@id":"https:\/\/soswzgorzelec.eu\/?p=3988"},"author":{"name":"redaktor","@id":"https:\/\/soswzgorzelec.eu\/#\/schema\/person\/1a89c9429568b5e9faaab23db7c368cc"},"headline":"Lekcja doradztwa zawodowego","datePublished":"2024-11-21T19:41:53+00:00","dateModified":"2024-11-21T19:41:55+00:00","mainEntityOfPage":{"@id":"https:\/\/soswzgorzelec.eu\/?p=3988"},"wordCount":109,"publisher":{"@id":"https:\/\/soswzgorzelec.eu\/#organization"},"image":{"@id":"https:\/\/soswzgorzelec.eu\/?p=3988#primaryimage"},"thumbnailUrl":"https:\/\/soswzgorzelec.eu\/wp-content\/uploads\/2024\/11\/GridArt_20241119_094742604_1.jpg","articleSection":["Aktualno\u015bci szkolne"],"inLanguage":"pl-PL"},{"@type":"WebPage","@id":"https:\/\/soswzgorzelec.eu\/?p=3988","url":"https:\/\/soswzgorzelec.eu\/?p=3988","name":"Lekcja doradztwa zawodowego - Specjalny O\u015brodek Szkolno-Wychowawczy im. Marii Grzegorzewskiej w Zgorzelcu","isPartOf":{"@id":"https:\/\/soswzgorzelec.eu\/#website"},"primaryImageOfPage":{"@id":"https:\/\/soswzgorzelec.eu\/?p=3988#primaryimage"},"image":{"@id":"https:\/\/soswzgorzelec.eu\/?p=3988#primaryimage"},"thumbnailUrl":"https:\/\/soswzgorzelec.eu\/wp-content\/uploads\/2024\/11\/GridArt_20241119_094742604_1.jpg","datePublished":"2024-11-21T19:41:53+00:00","dateModified":"2024-11-21T19:41:55+00:00","breadcrumb":{"@id":"https:\/\/soswzgorzelec.eu\/?p=3988#breadcrumb"},"inLanguage":"pl-PL","potentialAction":[{"@type":"ReadAction","target":["https:\/\/soswzgorzelec.eu\/?p=3988"]}]},{"@type":"ImageObject","inLanguage":"pl-PL","@id":"https:\/\/soswzgorzelec.eu\/?p=3988#primaryimage","url":"https:\/\/soswzgorzelec.eu\/wp-content\/uploads\/2024\/11\/GridArt_20241119_094742604_1.jpg","contentUrl":"https:\/\/soswzgorzelec.eu\/wp-content\/uploads\/2024\/11\/GridArt_20241119_094742604_1.jpg","width":2048,"height":2048,"caption":"Lekcja doradztwa zawodowego"},{"@type":"BreadcrumbList","@id":"https:\/\/soswzgorzelec.eu\/?p=3988#breadcrumb","itemListElement":[{"@type":"ListItem","position":1,"name":"Strona g\u0142\u00f3wna","item":"https:\/\/soswzgorzelec.eu\/"},{"@type":"ListItem","position":2,"name":"Lekcja doradztwa zawodowego"}]},{"@type":"WebSite","@id":"https:\/\/soswzgorzelec.eu\/#website","url":"https:\/\/soswzgorzelec.eu\/","name":"Specjalny O\u015brodek Szkolno - Wychowawczy im.Marii Grzegorzewskiej w Zgorzelcu","description":"SOSW im. Marii Grzegorzewskiej w Zgorzelcu","publisher":{"@id":"https:\/\/soswzgorzelec.eu\/#organization"},"potentialAction":[{"@type":"SearchAction","target":{"@type":"EntryPoint","urlTemplate":"https:\/\/soswzgorzelec.eu\/?s={search_term_string}"},"query-input":{"@type":"PropertyValueSpecification","valueRequired":true,"valueName":"search_term_string"}}],"inLanguage":"pl-PL"},{"@type":"Organization","@id":"https:\/\/soswzgorzelec.eu\/#organization","name":"Specjalny O\u015brodek Szkolno Wychowawczy im. Marii Grzegorzewskiej w Zgorzelcu","url":"https:\/\/soswzgorzelec.eu\/","logo":{"@type":"ImageObject","inLanguage":"pl-PL","@id":"https:\/\/soswzgorzelec.eu\/#\/schema\/logo\/image\/","url":"https:\/\/soswzgorzelec.eu\/wp-content\/uploads\/2020\/10\/cropped-header-object.png","contentUrl":"https:\/\/soswzgorzelec.eu\/wp-content\/uploads\/2020\/10\/cropped-header-object.png","width":973,"height":278,"caption":"Specjalny O\u015brodek Szkolno Wychowawczy im. Marii Grzegorzewskiej w Zgorzelcu"},"image":{"@id":"https:\/\/soswzgorzelec.eu\/#\/schema\/logo\/image\/"},"sameAs":["https:\/\/www.facebook.com\/SOSW-im-Marii-Grzegorzewskiej-w-Zgorzelcu-276506309055391"]},{"@type":"Person","@id":"https:\/\/soswzgorzelec.eu\/#\/schema\/person\/1a89c9429568b5e9faaab23db7c368cc","name":"redaktor","image":{"@type":"ImageObject","inLanguage":"pl-PL","@id":"https:\/\/secure.gravatar.com\/avatar\/662a75ae97d3e694f064ce83d50568934a641b852dc7c0842b6c2746c0a4d4a6?s=96&d=mm&r=g","url":"https:\/\/secure.gravatar.com\/avatar\/662a75ae97d3e694f064ce83d50568934a641b852dc7c0842b6c2746c0a4d4a6?s=96&d=mm&r=g","contentUrl":"https:\/\/secure.gravatar.com\/avatar\/662a75ae97d3e694f064ce83d50568934a641b852dc7c0842b6c2746c0a4d4a6?s=96&d=mm&r=g","caption":"redaktor"},"url":"https:\/\/soswzgorzelec.eu\/?author=2"}]}},"_links":{"self":[{"href":"https:\/\/soswzgorzelec.eu\/index.php?rest_route=\/wp\/v2\/posts\/3988","targetHints":{"allow":["GET"]}}],"collection":[{"href":"https:\/\/soswzgorzelec.eu\/index.php?rest_route=\/wp\/v2\/posts"}],"about":[{"href":"https:\/\/soswzgorzelec.eu\/index.php?rest_route=\/wp\/v2\/types\/post"}],"author":[{"embeddable":true,"href":"https:\/\/soswzgorzelec.eu\/index.php?rest_route=\/wp\/v2\/users\/2"}],"replies":[{"embeddable":true,"href":"https:\/\/soswzgorzelec.eu\/index.php?rest_route=%2Fwp%2Fv2%2Fcomments&post=3988"}],"version-history":[{"count":2,"href":"https:\/\/soswzgorzelec.eu\/index.php?rest_route=\/wp\/v2\/posts\/3988\/revisions"}],"predecessor-version":[{"id":3993,"href":"https:\/\/soswzgorzelec.eu\/index.php?rest_route=\/wp\/v2\/posts\/3988\/revisions\/3993"}],"wp:featuredmedia":[{"embeddable":true,"href":"https:\/\/soswzgorzelec.eu\/index.php?rest_route=\/wp\/v2\/media\/3992"}],"wp:attachment":[{"href":"https:\/\/soswzgorzelec.eu\/index.php?rest_route=%2Fwp%2Fv2%2Fmedia&parent=3988"}],"wp:term":[{"taxonomy":"category","embeddable":true,"href":"https:\/\/soswzgorzelec.eu\/index.php?rest_route=%2Fwp%2Fv2%2Fcategories&post=3988"},{"taxonomy":"post_tag","embeddable":true,"href":"https:\/\/soswzgorzelec.eu\/index.php?rest_route=%2Fwp%2Fv2%2Ftags&post=3988"}],"curies":[{"name":"wp","href":"https:\/\/api.w.org\/{rel}","templated":true}]}}