{"id":4125,"date":"2025-01-28T19:44:01","date_gmt":"2025-01-28T18:44:01","guid":{"rendered":"https:\/\/soswzgorzelec.eu\/?p=4125"},"modified":"2025-01-28T19:44:03","modified_gmt":"2025-01-28T18:44:03","slug":"nasze-kreatywne-zajecia-i-zabawy-swietlica-szkolna-nr-2","status":"publish","type":"post","link":"https:\/\/soswzgorzelec.eu\/?p=4125","title":{"rendered":"Nasze kreatywne zaj\u0119cia i zabawy \u2013 \u015awietlica szkolna nr 2"},"content":{"rendered":"\n<p class=\"wp-block-paragraph\">Od pocz\u0105tku roku szkolnego 2024\/2025&nbsp;uczniowie&nbsp;\u015bwietlicy szkolnej bior\u0105 udzia\u0142&nbsp;w&nbsp;r\u00f3\u017cnego rodzaju zaj\u0119ciach \u015bwietlicowych, kt\u00f3re maj\u0105&nbsp;na celu wsp\u00f3ln\u0105&nbsp;nauk\u0119, zabaw\u0119&nbsp;oraz integrowanie si\u0119,&nbsp;a tak\u017ce&nbsp;rozwijanie swoich&nbsp;talent\u00f3w na forum grupy,&nbsp;kreatywno\u015b\u0107 i dzia\u0142anie\u2019&nbsp;Uczestniczyli&nbsp;w Kampanii 19 dni przeciwko przemocy&nbsp;i krzywdzeniu dzieci&nbsp;i&nbsp;m\u0142odzie\u017cy a&nbsp;<a><\/a>w&nbsp;tym wykonanie ,,Worka dobrych i z\u0142ych emocji\u2019\u2019.<\/p>\n\n\n\n<p class=\"wp-block-paragraph\">Cykliczne&nbsp;zaj\u0119cia muzyczno-ruchowe&nbsp;z ta\u0144cem i&nbsp;\u015bpiewaniem ulubionych piosenek&nbsp;ze strony YouTube&nbsp;z u\u017cyciem&nbsp;sprz\u0119tu muzycznego&nbsp;do karaoke&nbsp;pt. ,,Karaoke-Jaka to Melodia?\u2019\u2019,oraz w&nbsp;zaj\u0119ciach z Wewn\u0105trzszkolnego doradztwa zawodowego pt.&nbsp;,,Poznajemy ciekawe zawody\u2019\u2019&nbsp;\u2013 Praca krawcowej i zapoznanie z rzeczami przydatnymi w tym zawodzie.&nbsp;<\/p>\n\n\n\n<p class=\"wp-block-paragraph\">Nasi uczniowie po tygodniowej&nbsp;nauce&nbsp;lubi\u0105&nbsp;,,Pi\u0105tkowe kino&nbsp;z popcornem\u2019\u2019&nbsp;w trakcie,&nbsp;kt\u00f3rych mog\u0105 wybra\u0107 ogl\u0105dan\u0105 bajk\u0119 lub film edukacyjny.&nbsp;A z okazji dnia ,,Babci i Dziadka\u2019\u2019przygotowali kolorowe laurki.&nbsp;Wszystkie&nbsp;w\/w zaj\u0119cia&nbsp;sprawiaj\u0105 uczniom&nbsp;wiele&nbsp;rado\u015bci.<\/p>\n\n\n\n<figure class=\"wp-block-gallery has-nested-images columns-default is-cropped wp-block-gallery-1 is-layout-flex wp-block-gallery-is-layout-flex\">\n<figure class=\"wp-block-image size-large\"><img fetchpriority=\"high\" decoding=\"async\" width=\"1024\" height=\"654\" data-id=\"4127\" src=\"https:\/\/soswzgorzelec.eu\/wp-content\/uploads\/2025\/01\/14-1024x654.jpg\" alt=\"\" class=\"wp-image-4127\" srcset=\"https:\/\/soswzgorzelec.eu\/wp-content\/uploads\/2025\/01\/14-1024x654.jpg 1024w, https:\/\/soswzgorzelec.eu\/wp-content\/uploads\/2025\/01\/14-300x192.jpg 300w, https:\/\/soswzgorzelec.eu\/wp-content\/uploads\/2025\/01\/14-768x491.jpg 768w, https:\/\/soswzgorzelec.eu\/wp-content\/uploads\/2025\/01\/14-1536x981.jpg 1536w, https:\/\/soswzgorzelec.eu\/wp-content\/uploads\/2025\/01\/14-2048x1308.jpg 2048w\" sizes=\"(max-width: 1024px) 100vw, 1024px\" \/><\/figure>\n\n\n\n<figure class=\"wp-block-image size-large\"><img decoding=\"async\" width=\"1024\" height=\"753\" data-id=\"4131\" src=\"https:\/\/soswzgorzelec.eu\/wp-content\/uploads\/2025\/01\/10-1024x753.jpg\" alt=\"\" class=\"wp-image-4131\" srcset=\"https:\/\/soswzgorzelec.eu\/wp-content\/uploads\/2025\/01\/10-1024x753.jpg 1024w, https:\/\/soswzgorzelec.eu\/wp-content\/uploads\/2025\/01\/10-300x221.jpg 300w, https:\/\/soswzgorzelec.eu\/wp-content\/uploads\/2025\/01\/10-768x565.jpg 768w, https:\/\/soswzgorzelec.eu\/wp-content\/uploads\/2025\/01\/10-1536x1129.jpg 1536w, https:\/\/soswzgorzelec.eu\/wp-content\/uploads\/2025\/01\/10-2048x1506.jpg 2048w\" sizes=\"(max-width: 1024px) 100vw, 1024px\" \/><\/figure>\n\n\n\n<figure class=\"wp-block-image size-large\"><img decoding=\"async\" width=\"892\" height=\"1024\" data-id=\"4129\" src=\"https:\/\/soswzgorzelec.eu\/wp-content\/uploads\/2025\/01\/4-892x1024.jpg\" alt=\"\" class=\"wp-image-4129\" srcset=\"https:\/\/soswzgorzelec.eu\/wp-content\/uploads\/2025\/01\/4-892x1024.jpg 892w, https:\/\/soswzgorzelec.eu\/wp-content\/uploads\/2025\/01\/4-261x300.jpg 261w, https:\/\/soswzgorzelec.eu\/wp-content\/uploads\/2025\/01\/4-768x882.jpg 768w, https:\/\/soswzgorzelec.eu\/wp-content\/uploads\/2025\/01\/4-1338x1536.jpg 1338w, https:\/\/soswzgorzelec.eu\/wp-content\/uploads\/2025\/01\/4-1784x2048.jpg 1784w\" sizes=\"(max-width: 892px) 100vw, 892px\" \/><\/figure>\n\n\n\n<figure class=\"wp-block-image size-large\"><img loading=\"lazy\" decoding=\"async\" width=\"1024\" height=\"619\" data-id=\"4135\" src=\"https:\/\/soswzgorzelec.eu\/wp-content\/uploads\/2025\/01\/2-1024x619.jpg\" alt=\"\" class=\"wp-image-4135\" srcset=\"https:\/\/soswzgorzelec.eu\/wp-content\/uploads\/2025\/01\/2-1024x619.jpg 1024w, https:\/\/soswzgorzelec.eu\/wp-content\/uploads\/2025\/01\/2-300x181.jpg 300w, https:\/\/soswzgorzelec.eu\/wp-content\/uploads\/2025\/01\/2-768x464.jpg 768w, https:\/\/soswzgorzelec.eu\/wp-content\/uploads\/2025\/01\/2-1536x928.jpg 1536w, https:\/\/soswzgorzelec.eu\/wp-content\/uploads\/2025\/01\/2-2048x1237.jpg 2048w\" sizes=\"(max-width: 1024px) 100vw, 1024px\" \/><\/figure>\n\n\n\n<figure class=\"wp-block-image size-large\"><img loading=\"lazy\" decoding=\"async\" width=\"1024\" height=\"799\" data-id=\"4136\" src=\"https:\/\/soswzgorzelec.eu\/wp-content\/uploads\/2025\/01\/11-1024x799.jpg\" alt=\"\" class=\"wp-image-4136\" srcset=\"https:\/\/soswzgorzelec.eu\/wp-content\/uploads\/2025\/01\/11-1024x799.jpg 1024w, https:\/\/soswzgorzelec.eu\/wp-content\/uploads\/2025\/01\/11-300x234.jpg 300w, https:\/\/soswzgorzelec.eu\/wp-content\/uploads\/2025\/01\/11-768x599.jpg 768w, https:\/\/soswzgorzelec.eu\/wp-content\/uploads\/2025\/01\/11-1536x1198.jpg 1536w, https:\/\/soswzgorzelec.eu\/wp-content\/uploads\/2025\/01\/11-2048x1598.jpg 2048w\" sizes=\"(max-width: 1024px) 100vw, 1024px\" \/><\/figure>\n\n\n\n<figure class=\"wp-block-image size-large\"><img loading=\"lazy\" decoding=\"async\" width=\"1024\" height=\"683\" data-id=\"4138\" src=\"https:\/\/soswzgorzelec.eu\/wp-content\/uploads\/2025\/01\/13-1024x683.jpg\" alt=\"\" class=\"wp-image-4138\" srcset=\"https:\/\/soswzgorzelec.eu\/wp-content\/uploads\/2025\/01\/13-1024x683.jpg 1024w, https:\/\/soswzgorzelec.eu\/wp-content\/uploads\/2025\/01\/13-300x200.jpg 300w, https:\/\/soswzgorzelec.eu\/wp-content\/uploads\/2025\/01\/13-768x512.jpg 768w, https:\/\/soswzgorzelec.eu\/wp-content\/uploads\/2025\/01\/13-1536x1024.jpg 1536w, https:\/\/soswzgorzelec.eu\/wp-content\/uploads\/2025\/01\/13-2048x1365.jpg 2048w\" sizes=\"(max-width: 1024px) 100vw, 1024px\" \/><\/figure>\n\n\n\n<figure class=\"wp-block-image size-large\"><img loading=\"lazy\" decoding=\"async\" width=\"1024\" height=\"883\" data-id=\"4128\" src=\"https:\/\/soswzgorzelec.eu\/wp-content\/uploads\/2025\/01\/8-1024x883.jpg\" alt=\"\" class=\"wp-image-4128\" srcset=\"https:\/\/soswzgorzelec.eu\/wp-content\/uploads\/2025\/01\/8-1024x883.jpg 1024w, https:\/\/soswzgorzelec.eu\/wp-content\/uploads\/2025\/01\/8-300x259.jpg 300w, https:\/\/soswzgorzelec.eu\/wp-content\/uploads\/2025\/01\/8-768x662.jpg 768w, https:\/\/soswzgorzelec.eu\/wp-content\/uploads\/2025\/01\/8-1536x1324.jpg 1536w, https:\/\/soswzgorzelec.eu\/wp-content\/uploads\/2025\/01\/8-2048x1765.jpg 2048w\" sizes=\"(max-width: 1024px) 100vw, 1024px\" \/><\/figure>\n\n\n\n<figure class=\"wp-block-image size-large\"><img loading=\"lazy\" decoding=\"async\" width=\"1024\" height=\"677\" data-id=\"4134\" src=\"https:\/\/soswzgorzelec.eu\/wp-content\/uploads\/2025\/01\/12-1024x677.jpg\" alt=\"\" class=\"wp-image-4134\" srcset=\"https:\/\/soswzgorzelec.eu\/wp-content\/uploads\/2025\/01\/12-1024x677.jpg 1024w, https:\/\/soswzgorzelec.eu\/wp-content\/uploads\/2025\/01\/12-300x198.jpg 300w, https:\/\/soswzgorzelec.eu\/wp-content\/uploads\/2025\/01\/12-768x508.jpg 768w, https:\/\/soswzgorzelec.eu\/wp-content\/uploads\/2025\/01\/12-1536x1016.jpg 1536w, https:\/\/soswzgorzelec.eu\/wp-content\/uploads\/2025\/01\/12-2048x1355.jpg 2048w\" sizes=\"(max-width: 1024px) 100vw, 1024px\" \/><\/figure>\n\n\n\n<figure class=\"wp-block-image size-large\"><img loading=\"lazy\" decoding=\"async\" width=\"1024\" height=\"803\" data-id=\"4126\" src=\"https:\/\/soswzgorzelec.eu\/wp-content\/uploads\/2025\/01\/15-1024x803.jpg\" alt=\"\" class=\"wp-image-4126\" srcset=\"https:\/\/soswzgorzelec.eu\/wp-content\/uploads\/2025\/01\/15-1024x803.jpg 1024w, https:\/\/soswzgorzelec.eu\/wp-content\/uploads\/2025\/01\/15-300x235.jpg 300w, https:\/\/soswzgorzelec.eu\/wp-content\/uploads\/2025\/01\/15-768x602.jpg 768w, https:\/\/soswzgorzelec.eu\/wp-content\/uploads\/2025\/01\/15.jpg 1291w\" sizes=\"(max-width: 1024px) 100vw, 1024px\" \/><\/figure>\n\n\n\n<figure class=\"wp-block-image size-large\"><img loading=\"lazy\" decoding=\"async\" width=\"1024\" height=\"634\" data-id=\"4130\" src=\"https:\/\/soswzgorzelec.eu\/wp-content\/uploads\/2025\/01\/9-1024x634.jpg\" alt=\"\" class=\"wp-image-4130\" srcset=\"https:\/\/soswzgorzelec.eu\/wp-content\/uploads\/2025\/01\/9-1024x634.jpg 1024w, https:\/\/soswzgorzelec.eu\/wp-content\/uploads\/2025\/01\/9-300x186.jpg 300w, https:\/\/soswzgorzelec.eu\/wp-content\/uploads\/2025\/01\/9-768x475.jpg 768w, https:\/\/soswzgorzelec.eu\/wp-content\/uploads\/2025\/01\/9-1536x951.jpg 1536w, https:\/\/soswzgorzelec.eu\/wp-content\/uploads\/2025\/01\/9-2048x1268.jpg 2048w\" sizes=\"(max-width: 1024px) 100vw, 1024px\" \/><\/figure>\n\n\n\n<figure class=\"wp-block-image size-large\"><img loading=\"lazy\" decoding=\"async\" width=\"924\" height=\"1024\" data-id=\"4132\" src=\"https:\/\/soswzgorzelec.eu\/wp-content\/uploads\/2025\/01\/5-924x1024.jpg\" alt=\"\" class=\"wp-image-4132\" srcset=\"https:\/\/soswzgorzelec.eu\/wp-content\/uploads\/2025\/01\/5-924x1024.jpg 924w, https:\/\/soswzgorzelec.eu\/wp-content\/uploads\/2025\/01\/5-271x300.jpg 271w, https:\/\/soswzgorzelec.eu\/wp-content\/uploads\/2025\/01\/5-768x851.jpg 768w, https:\/\/soswzgorzelec.eu\/wp-content\/uploads\/2025\/01\/5-1386x1536.jpg 1386w, https:\/\/soswzgorzelec.eu\/wp-content\/uploads\/2025\/01\/5-1848x2048.jpg 1848w\" sizes=\"(max-width: 924px) 100vw, 924px\" \/><\/figure>\n\n\n\n<figure class=\"wp-block-image size-large\"><img loading=\"lazy\" decoding=\"async\" width=\"1024\" height=\"888\" data-id=\"4137\" src=\"https:\/\/soswzgorzelec.eu\/wp-content\/uploads\/2025\/01\/3-1024x888.jpg\" alt=\"\" class=\"wp-image-4137\" srcset=\"https:\/\/soswzgorzelec.eu\/wp-content\/uploads\/2025\/01\/3-1024x888.jpg 1024w, https:\/\/soswzgorzelec.eu\/wp-content\/uploads\/2025\/01\/3-300x260.jpg 300w, https:\/\/soswzgorzelec.eu\/wp-content\/uploads\/2025\/01\/3-768x666.jpg 768w, https:\/\/soswzgorzelec.eu\/wp-content\/uploads\/2025\/01\/3-1536x1331.jpg 1536w, https:\/\/soswzgorzelec.eu\/wp-content\/uploads\/2025\/01\/3-2048x1775.jpg 2048w\" sizes=\"(max-width: 1024px) 100vw, 1024px\" \/><\/figure>\n\n\n\n<figure class=\"wp-block-image size-large\"><img loading=\"lazy\" decoding=\"async\" width=\"1024\" height=\"962\" data-id=\"4133\" src=\"https:\/\/soswzgorzelec.eu\/wp-content\/uploads\/2025\/01\/17-1024x962.jpg\" alt=\"\" class=\"wp-image-4133\" srcset=\"https:\/\/soswzgorzelec.eu\/wp-content\/uploads\/2025\/01\/17-1024x962.jpg 1024w, https:\/\/soswzgorzelec.eu\/wp-content\/uploads\/2025\/01\/17-300x282.jpg 300w, https:\/\/soswzgorzelec.eu\/wp-content\/uploads\/2025\/01\/17-768x721.jpg 768w, https:\/\/soswzgorzelec.eu\/wp-content\/uploads\/2025\/01\/17-1536x1443.jpg 1536w, https:\/\/soswzgorzelec.eu\/wp-content\/uploads\/2025\/01\/17-2048x1924.jpg 2048w\" sizes=\"(max-width: 1024px) 100vw, 1024px\" \/><\/figure>\n<\/figure>\n","protected":false},"excerpt":{"rendered":"<p>Od pocz\u0105tku roku szkolnego 2024\/2025&nbsp;uczniowie&nbsp;\u015bwietlicy szkolnej bior\u0105 udzia\u0142&nbsp;w&nbsp;r\u00f3\u017cnego rodzaju zaj\u0119ciach \u015bwietlicowych, kt\u00f3re maj\u0105&nbsp;na celu wsp\u00f3ln\u0105&nbsp;nauk\u0119, zabaw\u0119&nbsp;oraz integrowanie si\u0119,&nbsp;a tak\u017ce&nbsp;rozwijanie swoich&nbsp;talent\u00f3w na forum grupy,&nbsp;kreatywno\u015b\u0107 i dzia\u0142anie\u2019&nbsp;Uczestniczyli&nbsp;w Kampanii 19 dni przeciwko przemocy&nbsp;i krzywdzeniu dzieci&nbsp;i&nbsp;m\u0142odzie\u017cy a&nbsp;w&nbsp;tym wykonanie&#46;&#46;&#46;<\/p>\n","protected":false},"author":2,"featured_media":4137,"comment_status":"closed","ping_status":"closed","sticky":false,"template":"","format":"standard","meta":{"footnotes":""},"categories":[6],"tags":[],"class_list":["post-4125","post","type-post","status-publish","format-standard","has-post-thumbnail","hentry","category-aktualnosci-szkolne-nowosci-ze-sosw"],"yoast_head":"<!-- This site is optimized with the Yoast SEO plugin v28.4 - https:\/\/yoast.com\/product\/yoast-seo-wordpress\/ -->\n<title>Nasze kreatywne zaj\u0119cia i zabawy \u2013 \u015awietlica szkolna nr 2 - Specjalny O\u015brodek Szkolno-Wychowawczy im. Marii Grzegorzewskiej w Zgorzelcu<\/title>\n<meta name=\"robots\" content=\"index, follow, max-snippet:-1, max-image-preview:large, max-video-preview:-1\" \/>\n<link rel=\"canonical\" href=\"https:\/\/soswzgorzelec.eu\/?p=4125\" \/>\n<meta property=\"og:locale\" content=\"pl_PL\" \/>\n<meta property=\"og:type\" content=\"article\" \/>\n<meta property=\"og:title\" content=\"Nasze kreatywne zaj\u0119cia i zabawy \u2013 \u015awietlica szkolna nr 2 - Specjalny O\u015brodek Szkolno-Wychowawczy im. Marii Grzegorzewskiej w Zgorzelcu\" \/>\n<meta property=\"og:description\" content=\"Od pocz\u0105tku roku szkolnego 2024\/2025&nbsp;uczniowie&nbsp;\u015bwietlicy szkolnej bior\u0105 udzia\u0142&nbsp;w&nbsp;r\u00f3\u017cnego rodzaju zaj\u0119ciach \u015bwietlicowych, kt\u00f3re maj\u0105&nbsp;na celu wsp\u00f3ln\u0105&nbsp;nauk\u0119, zabaw\u0119&nbsp;oraz integrowanie si\u0119,&nbsp;a tak\u017ce&nbsp;rozwijanie swoich&nbsp;talent\u00f3w na forum grupy,&nbsp;kreatywno\u015b\u0107 i dzia\u0142anie\u2019&nbsp;Uczestniczyli&nbsp;w Kampanii 19 dni przeciwko przemocy&nbsp;i krzywdzeniu dzieci&nbsp;i&nbsp;m\u0142odzie\u017cy a&nbsp;w&nbsp;tym wykonanie&#046;&#046;&#046;\" \/>\n<meta property=\"og:url\" content=\"https:\/\/soswzgorzelec.eu\/?p=4125\" \/>\n<meta property=\"og:site_name\" content=\"Specjalny O\u015brodek Szkolno-Wychowawczy im. Marii Grzegorzewskiej w Zgorzelcu\" \/>\n<meta property=\"article:publisher\" content=\"https:\/\/www.facebook.com\/SOSW-im-Marii-Grzegorzewskiej-w-Zgorzelcu-276506309055391\" \/>\n<meta property=\"article:published_time\" content=\"2025-01-28T18:44:01+00:00\" \/>\n<meta property=\"article:modified_time\" content=\"2025-01-28T18:44:03+00:00\" \/>\n<meta property=\"og:image\" content=\"https:\/\/soswzgorzelec.eu\/wp-content\/uploads\/2025\/01\/3-scaled.jpg\" \/>\n\t<meta property=\"og:image:width\" content=\"2560\" \/>\n\t<meta property=\"og:image:height\" content=\"2219\" \/>\n\t<meta property=\"og:image:type\" content=\"image\/jpeg\" \/>\n<meta name=\"author\" content=\"redaktor\" \/>\n<meta name=\"twitter:card\" content=\"summary_large_image\" \/>\n<meta name=\"twitter:label1\" content=\"Napisane przez\" \/>\n\t<meta name=\"twitter:data1\" content=\"redaktor\" \/>\n\t<meta name=\"twitter:label2\" content=\"Szacowany czas czytania\" \/>\n\t<meta name=\"twitter:data2\" content=\"4 minuty\" \/>\n<script type=\"application\/ld+json\" class=\"yoast-schema-graph\">{\"@context\":\"https:\\\/\\\/schema.org\",\"@graph\":[{\"@type\":\"Article\",\"@id\":\"https:\\\/\\\/soswzgorzelec.eu\\\/?p=4125#article\",\"isPartOf\":{\"@id\":\"https:\\\/\\\/soswzgorzelec.eu\\\/?p=4125\"},\"author\":{\"name\":\"redaktor\",\"@id\":\"https:\\\/\\\/soswzgorzelec.eu\\\/#\\\/schema\\\/person\\\/1a89c9429568b5e9faaab23db7c368cc\"},\"headline\":\"Nasze kreatywne zaj\u0119cia i zabawy \u2013 \u015awietlica szkolna nr 2\",\"datePublished\":\"2025-01-28T18:44:01+00:00\",\"dateModified\":\"2025-01-28T18:44:03+00:00\",\"mainEntityOfPage\":{\"@id\":\"https:\\\/\\\/soswzgorzelec.eu\\\/?p=4125\"},\"wordCount\":209,\"publisher\":{\"@id\":\"https:\\\/\\\/soswzgorzelec.eu\\\/#organization\"},\"image\":{\"@id\":\"https:\\\/\\\/soswzgorzelec.eu\\\/?p=4125#primaryimage\"},\"thumbnailUrl\":\"https:\\\/\\\/soswzgorzelec.eu\\\/wp-content\\\/uploads\\\/2025\\\/01\\\/3-scaled.jpg\",\"articleSection\":[\"Aktualno\u015bci szkolne\"],\"inLanguage\":\"pl-PL\"},{\"@type\":\"WebPage\",\"@id\":\"https:\\\/\\\/soswzgorzelec.eu\\\/?p=4125\",\"url\":\"https:\\\/\\\/soswzgorzelec.eu\\\/?p=4125\",\"name\":\"Nasze kreatywne zaj\u0119cia i zabawy \u2013 \u015awietlica szkolna nr 2 - Specjalny O\u015brodek Szkolno-Wychowawczy im. Marii Grzegorzewskiej w Zgorzelcu\",\"isPartOf\":{\"@id\":\"https:\\\/\\\/soswzgorzelec.eu\\\/#website\"},\"primaryImageOfPage\":{\"@id\":\"https:\\\/\\\/soswzgorzelec.eu\\\/?p=4125#primaryimage\"},\"image\":{\"@id\":\"https:\\\/\\\/soswzgorzelec.eu\\\/?p=4125#primaryimage\"},\"thumbnailUrl\":\"https:\\\/\\\/soswzgorzelec.eu\\\/wp-content\\\/uploads\\\/2025\\\/01\\\/3-scaled.jpg\",\"datePublished\":\"2025-01-28T18:44:01+00:00\",\"dateModified\":\"2025-01-28T18:44:03+00:00\",\"breadcrumb\":{\"@id\":\"https:\\\/\\\/soswzgorzelec.eu\\\/?p=4125#breadcrumb\"},\"inLanguage\":\"pl-PL\",\"potentialAction\":[{\"@type\":\"ReadAction\",\"target\":[\"https:\\\/\\\/soswzgorzelec.eu\\\/?p=4125\"]}]},{\"@type\":\"ImageObject\",\"inLanguage\":\"pl-PL\",\"@id\":\"https:\\\/\\\/soswzgorzelec.eu\\\/?p=4125#primaryimage\",\"url\":\"https:\\\/\\\/soswzgorzelec.eu\\\/wp-content\\\/uploads\\\/2025\\\/01\\\/3-scaled.jpg\",\"contentUrl\":\"https:\\\/\\\/soswzgorzelec.eu\\\/wp-content\\\/uploads\\\/2025\\\/01\\\/3-scaled.jpg\",\"width\":2560,\"height\":2219},{\"@type\":\"BreadcrumbList\",\"@id\":\"https:\\\/\\\/soswzgorzelec.eu\\\/?p=4125#breadcrumb\",\"itemListElement\":[{\"@type\":\"ListItem\",\"position\":1,\"name\":\"Strona g\u0142\u00f3wna\",\"item\":\"https:\\\/\\\/soswzgorzelec.eu\\\/\"},{\"@type\":\"ListItem\",\"position\":2,\"name\":\"Nasze kreatywne zaj\u0119cia i zabawy \u2013 \u015awietlica szkolna nr 2\"}]},{\"@type\":\"WebSite\",\"@id\":\"https:\\\/\\\/soswzgorzelec.eu\\\/#website\",\"url\":\"https:\\\/\\\/soswzgorzelec.eu\\\/\",\"name\":\"Specjalny O\u015brodek Szkolno - Wychowawczy im.Marii Grzegorzewskiej w Zgorzelcu\",\"description\":\"SOSW im. Marii Grzegorzewskiej w Zgorzelcu\",\"publisher\":{\"@id\":\"https:\\\/\\\/soswzgorzelec.eu\\\/#organization\"},\"potentialAction\":[{\"@type\":\"SearchAction\",\"target\":{\"@type\":\"EntryPoint\",\"urlTemplate\":\"https:\\\/\\\/soswzgorzelec.eu\\\/?s={search_term_string}\"},\"query-input\":{\"@type\":\"PropertyValueSpecification\",\"valueRequired\":true,\"valueName\":\"search_term_string\"}}],\"inLanguage\":\"pl-PL\"},{\"@type\":\"Organization\",\"@id\":\"https:\\\/\\\/soswzgorzelec.eu\\\/#organization\",\"name\":\"Specjalny O\u015brodek Szkolno Wychowawczy im. Marii Grzegorzewskiej w Zgorzelcu\",\"url\":\"https:\\\/\\\/soswzgorzelec.eu\\\/\",\"logo\":{\"@type\":\"ImageObject\",\"inLanguage\":\"pl-PL\",\"@id\":\"https:\\\/\\\/soswzgorzelec.eu\\\/#\\\/schema\\\/logo\\\/image\\\/\",\"url\":\"https:\\\/\\\/soswzgorzelec.eu\\\/wp-content\\\/uploads\\\/2020\\\/10\\\/cropped-header-object.png\",\"contentUrl\":\"https:\\\/\\\/soswzgorzelec.eu\\\/wp-content\\\/uploads\\\/2020\\\/10\\\/cropped-header-object.png\",\"width\":973,\"height\":278,\"caption\":\"Specjalny O\u015brodek Szkolno Wychowawczy im. Marii Grzegorzewskiej w Zgorzelcu\"},\"image\":{\"@id\":\"https:\\\/\\\/soswzgorzelec.eu\\\/#\\\/schema\\\/logo\\\/image\\\/\"},\"sameAs\":[\"https:\\\/\\\/www.facebook.com\\\/SOSW-im-Marii-Grzegorzewskiej-w-Zgorzelcu-276506309055391\"]},{\"@type\":\"Person\",\"@id\":\"https:\\\/\\\/soswzgorzelec.eu\\\/#\\\/schema\\\/person\\\/1a89c9429568b5e9faaab23db7c368cc\",\"name\":\"redaktor\",\"image\":{\"@type\":\"ImageObject\",\"inLanguage\":\"pl-PL\",\"@id\":\"https:\\\/\\\/secure.gravatar.com\\\/avatar\\\/662a75ae97d3e694f064ce83d50568934a641b852dc7c0842b6c2746c0a4d4a6?s=96&d=mm&r=g\",\"url\":\"https:\\\/\\\/secure.gravatar.com\\\/avatar\\\/662a75ae97d3e694f064ce83d50568934a641b852dc7c0842b6c2746c0a4d4a6?s=96&d=mm&r=g\",\"contentUrl\":\"https:\\\/\\\/secure.gravatar.com\\\/avatar\\\/662a75ae97d3e694f064ce83d50568934a641b852dc7c0842b6c2746c0a4d4a6?s=96&d=mm&r=g\",\"caption\":\"redaktor\"},\"url\":\"https:\\\/\\\/soswzgorzelec.eu\\\/?author=2\"}]}<\/script>\n<!-- \/ Yoast SEO plugin. -->","yoast_head_json":{"title":"Nasze kreatywne zaj\u0119cia i zabawy \u2013 \u015awietlica szkolna nr 2 - Specjalny O\u015brodek Szkolno-Wychowawczy im. Marii Grzegorzewskiej w Zgorzelcu","robots":{"index":"index","follow":"follow","max-snippet":"max-snippet:-1","max-image-preview":"max-image-preview:large","max-video-preview":"max-video-preview:-1"},"canonical":"https:\/\/soswzgorzelec.eu\/?p=4125","og_locale":"pl_PL","og_type":"article","og_title":"Nasze kreatywne zaj\u0119cia i zabawy \u2013 \u015awietlica szkolna nr 2 - Specjalny O\u015brodek Szkolno-Wychowawczy im. Marii Grzegorzewskiej w Zgorzelcu","og_description":"Od pocz\u0105tku roku szkolnego 2024\/2025&nbsp;uczniowie&nbsp;\u015bwietlicy szkolnej bior\u0105 udzia\u0142&nbsp;w&nbsp;r\u00f3\u017cnego rodzaju zaj\u0119ciach \u015bwietlicowych, kt\u00f3re maj\u0105&nbsp;na celu wsp\u00f3ln\u0105&nbsp;nauk\u0119, zabaw\u0119&nbsp;oraz integrowanie si\u0119,&nbsp;a tak\u017ce&nbsp;rozwijanie swoich&nbsp;talent\u00f3w na forum grupy,&nbsp;kreatywno\u015b\u0107 i dzia\u0142anie\u2019&nbsp;Uczestniczyli&nbsp;w Kampanii 19 dni przeciwko przemocy&nbsp;i krzywdzeniu dzieci&nbsp;i&nbsp;m\u0142odzie\u017cy a&nbsp;w&nbsp;tym wykonanie&#46;&#46;&#46;","og_url":"https:\/\/soswzgorzelec.eu\/?p=4125","og_site_name":"Specjalny O\u015brodek Szkolno-Wychowawczy im. Marii Grzegorzewskiej w Zgorzelcu","article_publisher":"https:\/\/www.facebook.com\/SOSW-im-Marii-Grzegorzewskiej-w-Zgorzelcu-276506309055391","article_published_time":"2025-01-28T18:44:01+00:00","article_modified_time":"2025-01-28T18:44:03+00:00","og_image":[{"width":2560,"height":2219,"url":"https:\/\/soswzgorzelec.eu\/wp-content\/uploads\/2025\/01\/3-scaled.jpg","type":"image\/jpeg"}],"author":"redaktor","twitter_card":"summary_large_image","twitter_misc":{"Napisane przez":"redaktor","Szacowany czas czytania":"4 minuty"},"schema":{"@context":"https:\/\/schema.org","@graph":[{"@type":"Article","@id":"https:\/\/soswzgorzelec.eu\/?p=4125#article","isPartOf":{"@id":"https:\/\/soswzgorzelec.eu\/?p=4125"},"author":{"name":"redaktor","@id":"https:\/\/soswzgorzelec.eu\/#\/schema\/person\/1a89c9429568b5e9faaab23db7c368cc"},"headline":"Nasze kreatywne zaj\u0119cia i zabawy \u2013 \u015awietlica szkolna nr 2","datePublished":"2025-01-28T18:44:01+00:00","dateModified":"2025-01-28T18:44:03+00:00","mainEntityOfPage":{"@id":"https:\/\/soswzgorzelec.eu\/?p=4125"},"wordCount":209,"publisher":{"@id":"https:\/\/soswzgorzelec.eu\/#organization"},"image":{"@id":"https:\/\/soswzgorzelec.eu\/?p=4125#primaryimage"},"thumbnailUrl":"https:\/\/soswzgorzelec.eu\/wp-content\/uploads\/2025\/01\/3-scaled.jpg","articleSection":["Aktualno\u015bci szkolne"],"inLanguage":"pl-PL"},{"@type":"WebPage","@id":"https:\/\/soswzgorzelec.eu\/?p=4125","url":"https:\/\/soswzgorzelec.eu\/?p=4125","name":"Nasze kreatywne zaj\u0119cia i zabawy \u2013 \u015awietlica szkolna nr 2 - Specjalny O\u015brodek Szkolno-Wychowawczy im. Marii Grzegorzewskiej w Zgorzelcu","isPartOf":{"@id":"https:\/\/soswzgorzelec.eu\/#website"},"primaryImageOfPage":{"@id":"https:\/\/soswzgorzelec.eu\/?p=4125#primaryimage"},"image":{"@id":"https:\/\/soswzgorzelec.eu\/?p=4125#primaryimage"},"thumbnailUrl":"https:\/\/soswzgorzelec.eu\/wp-content\/uploads\/2025\/01\/3-scaled.jpg","datePublished":"2025-01-28T18:44:01+00:00","dateModified":"2025-01-28T18:44:03+00:00","breadcrumb":{"@id":"https:\/\/soswzgorzelec.eu\/?p=4125#breadcrumb"},"inLanguage":"pl-PL","potentialAction":[{"@type":"ReadAction","target":["https:\/\/soswzgorzelec.eu\/?p=4125"]}]},{"@type":"ImageObject","inLanguage":"pl-PL","@id":"https:\/\/soswzgorzelec.eu\/?p=4125#primaryimage","url":"https:\/\/soswzgorzelec.eu\/wp-content\/uploads\/2025\/01\/3-scaled.jpg","contentUrl":"https:\/\/soswzgorzelec.eu\/wp-content\/uploads\/2025\/01\/3-scaled.jpg","width":2560,"height":2219},{"@type":"BreadcrumbList","@id":"https:\/\/soswzgorzelec.eu\/?p=4125#breadcrumb","itemListElement":[{"@type":"ListItem","position":1,"name":"Strona g\u0142\u00f3wna","item":"https:\/\/soswzgorzelec.eu\/"},{"@type":"ListItem","position":2,"name":"Nasze kreatywne zaj\u0119cia i zabawy \u2013 \u015awietlica szkolna nr 2"}]},{"@type":"WebSite","@id":"https:\/\/soswzgorzelec.eu\/#website","url":"https:\/\/soswzgorzelec.eu\/","name":"Specjalny O\u015brodek Szkolno - Wychowawczy im.Marii Grzegorzewskiej w Zgorzelcu","description":"SOSW im. Marii Grzegorzewskiej w Zgorzelcu","publisher":{"@id":"https:\/\/soswzgorzelec.eu\/#organization"},"potentialAction":[{"@type":"SearchAction","target":{"@type":"EntryPoint","urlTemplate":"https:\/\/soswzgorzelec.eu\/?s={search_term_string}"},"query-input":{"@type":"PropertyValueSpecification","valueRequired":true,"valueName":"search_term_string"}}],"inLanguage":"pl-PL"},{"@type":"Organization","@id":"https:\/\/soswzgorzelec.eu\/#organization","name":"Specjalny O\u015brodek Szkolno Wychowawczy im. Marii Grzegorzewskiej w Zgorzelcu","url":"https:\/\/soswzgorzelec.eu\/","logo":{"@type":"ImageObject","inLanguage":"pl-PL","@id":"https:\/\/soswzgorzelec.eu\/#\/schema\/logo\/image\/","url":"https:\/\/soswzgorzelec.eu\/wp-content\/uploads\/2020\/10\/cropped-header-object.png","contentUrl":"https:\/\/soswzgorzelec.eu\/wp-content\/uploads\/2020\/10\/cropped-header-object.png","width":973,"height":278,"caption":"Specjalny O\u015brodek Szkolno Wychowawczy im. Marii Grzegorzewskiej w Zgorzelcu"},"image":{"@id":"https:\/\/soswzgorzelec.eu\/#\/schema\/logo\/image\/"},"sameAs":["https:\/\/www.facebook.com\/SOSW-im-Marii-Grzegorzewskiej-w-Zgorzelcu-276506309055391"]},{"@type":"Person","@id":"https:\/\/soswzgorzelec.eu\/#\/schema\/person\/1a89c9429568b5e9faaab23db7c368cc","name":"redaktor","image":{"@type":"ImageObject","inLanguage":"pl-PL","@id":"https:\/\/secure.gravatar.com\/avatar\/662a75ae97d3e694f064ce83d50568934a641b852dc7c0842b6c2746c0a4d4a6?s=96&d=mm&r=g","url":"https:\/\/secure.gravatar.com\/avatar\/662a75ae97d3e694f064ce83d50568934a641b852dc7c0842b6c2746c0a4d4a6?s=96&d=mm&r=g","contentUrl":"https:\/\/secure.gravatar.com\/avatar\/662a75ae97d3e694f064ce83d50568934a641b852dc7c0842b6c2746c0a4d4a6?s=96&d=mm&r=g","caption":"redaktor"},"url":"https:\/\/soswzgorzelec.eu\/?author=2"}]}},"_links":{"self":[{"href":"https:\/\/soswzgorzelec.eu\/index.php?rest_route=\/wp\/v2\/posts\/4125","targetHints":{"allow":["GET"]}}],"collection":[{"href":"https:\/\/soswzgorzelec.eu\/index.php?rest_route=\/wp\/v2\/posts"}],"about":[{"href":"https:\/\/soswzgorzelec.eu\/index.php?rest_route=\/wp\/v2\/types\/post"}],"author":[{"embeddable":true,"href":"https:\/\/soswzgorzelec.eu\/index.php?rest_route=\/wp\/v2\/users\/2"}],"replies":[{"embeddable":true,"href":"https:\/\/soswzgorzelec.eu\/index.php?rest_route=%2Fwp%2Fv2%2Fcomments&post=4125"}],"version-history":[{"count":1,"href":"https:\/\/soswzgorzelec.eu\/index.php?rest_route=\/wp\/v2\/posts\/4125\/revisions"}],"predecessor-version":[{"id":4139,"href":"https:\/\/soswzgorzelec.eu\/index.php?rest_route=\/wp\/v2\/posts\/4125\/revisions\/4139"}],"wp:featuredmedia":[{"embeddable":true,"href":"https:\/\/soswzgorzelec.eu\/index.php?rest_route=\/wp\/v2\/media\/4137"}],"wp:attachment":[{"href":"https:\/\/soswzgorzelec.eu\/index.php?rest_route=%2Fwp%2Fv2%2Fmedia&parent=4125"}],"wp:term":[{"taxonomy":"category","embeddable":true,"href":"https:\/\/soswzgorzelec.eu\/index.php?rest_route=%2Fwp%2Fv2%2Fcategories&post=4125"},{"taxonomy":"post_tag","embeddable":true,"href":"https:\/\/soswzgorzelec.eu\/index.php?rest_route=%2Fwp%2Fv2%2Ftags&post=4125"}],"curies":[{"name":"wp","href":"https:\/\/api.w.org\/{rel}","templated":true}]}}