{"id":4304,"date":"2025-04-08T12:01:02","date_gmt":"2025-04-08T10:01:02","guid":{"rendered":"https:\/\/soswzgorzelec.eu\/?p=4304"},"modified":"2025-04-08T12:01:04","modified_gmt":"2025-04-08T10:01:04","slug":"dzien-teczy","status":"publish","type":"post","link":"https:\/\/soswzgorzelec.eu\/?p=4304","title":{"rendered":"Dzie\u0144 T\u0119czy"},"content":{"rendered":"\n<p class=\"wp-block-paragraph\"><\/p>\n\n\n\n<p class=\"wp-block-paragraph\">W dniach &nbsp;31.03 &#8211; 04.04.2025 w \u015bwietlicy nr 3 uczniowie \u015bwi\u0119towali tydzie\u0144 zwi\u0105zany z Dniem T\u0119czy, kt\u00f3ry corocznie obchodzimy 3 kwietnia. Ka\u017cdego dnia uczniowie byli ubrani na inny kolor, mieli mo\u017cliwo\u015b\u0107 spr\u00f3bowania r\u00f3\u017cnych owoc\u00f3w i warzyw, kt\u00f3ry przypad\u0142 na dany dzie\u0144. Podczas t\u0119czowego tygodnia uczniowie dowiedzieli si\u0119 jak powstaje t\u0119cza, z jakich sk\u0142ada si\u0119 kolor\u00f3w oraz w jakiej kolejno\u015bci s\u0105 one u\u0142o\u017cone, dowiedzieli si\u0119 r\u00f3wnie\u017c \u017ce t\u0119cza ma kszta\u0142t pe\u0142nego ko\u0142a, a \u0142uk kt\u00f3ry widzimy jest tylko cz\u0119\u015bci\u0105 okr\u0119gu. Uczniowie wys\u0142uchali kr\u00f3tkiej pogadanki oraz ogl\u0105dali r\u00f3\u017cne ilustracje, prezentacje przedstawiaj\u0105ce to niezwykle zjawisko. Tydzie\u0144 dominowa\u0142 mn\u00f3stwem kolor\u00f3w, zapach\u00f3w i r\u00f3\u017cnych smak\u00f3w.&nbsp;<\/p>\n\n\n\n<figure class=\"wp-block-gallery has-nested-images columns-default is-cropped wp-block-gallery-1 is-layout-flex wp-block-gallery-is-layout-flex\">\n<figure class=\"wp-block-image size-large\"><img fetchpriority=\"high\" decoding=\"async\" width=\"640\" height=\"480\" data-id=\"4306\" src=\"https:\/\/soswzgorzelec.eu\/wp-content\/uploads\/2025\/04\/IMG_20250401_140758.jpg\" alt=\"Dzie\u0144 T\u0119czy\" class=\"wp-image-4306\" srcset=\"https:\/\/soswzgorzelec.eu\/wp-content\/uploads\/2025\/04\/IMG_20250401_140758.jpg 640w, https:\/\/soswzgorzelec.eu\/wp-content\/uploads\/2025\/04\/IMG_20250401_140758-300x225.jpg 300w\" sizes=\"(max-width: 640px) 100vw, 640px\" \/><\/figure>\n\n\n\n<figure class=\"wp-block-image size-large\"><img decoding=\"async\" width=\"480\" height=\"640\" data-id=\"4315\" src=\"https:\/\/soswzgorzelec.eu\/wp-content\/uploads\/2025\/04\/IMG_20250401_140936.jpg\" alt=\"Dzie\u0144 T\u0119czy\" class=\"wp-image-4315\" srcset=\"https:\/\/soswzgorzelec.eu\/wp-content\/uploads\/2025\/04\/IMG_20250401_140936.jpg 480w, https:\/\/soswzgorzelec.eu\/wp-content\/uploads\/2025\/04\/IMG_20250401_140936-225x300.jpg 225w\" sizes=\"(max-width: 480px) 100vw, 480px\" \/><\/figure>\n\n\n\n<figure class=\"wp-block-image size-large\"><img decoding=\"async\" width=\"480\" height=\"640\" data-id=\"4314\" src=\"https:\/\/soswzgorzelec.eu\/wp-content\/uploads\/2025\/04\/IMG_20250402_131925.jpg\" alt=\"Dzie\u0144 T\u0119czy\" class=\"wp-image-4314\" srcset=\"https:\/\/soswzgorzelec.eu\/wp-content\/uploads\/2025\/04\/IMG_20250402_131925.jpg 480w, https:\/\/soswzgorzelec.eu\/wp-content\/uploads\/2025\/04\/IMG_20250402_131925-225x300.jpg 225w\" sizes=\"(max-width: 480px) 100vw, 480px\" \/><\/figure>\n\n\n\n<figure class=\"wp-block-image size-large\"><img loading=\"lazy\" decoding=\"async\" width=\"480\" height=\"640\" data-id=\"4313\" src=\"https:\/\/soswzgorzelec.eu\/wp-content\/uploads\/2025\/04\/IMG_20250402_132245.jpg\" alt=\"Dzie\u0144 T\u0119czy\" class=\"wp-image-4313\" srcset=\"https:\/\/soswzgorzelec.eu\/wp-content\/uploads\/2025\/04\/IMG_20250402_132245.jpg 480w, https:\/\/soswzgorzelec.eu\/wp-content\/uploads\/2025\/04\/IMG_20250402_132245-225x300.jpg 225w\" sizes=\"(max-width: 480px) 100vw, 480px\" \/><\/figure>\n\n\n\n<figure class=\"wp-block-image size-large\"><img loading=\"lazy\" decoding=\"async\" width=\"1024\" height=\"984\" data-id=\"4311\" src=\"https:\/\/soswzgorzelec.eu\/wp-content\/uploads\/2025\/04\/IMG_20250402_141050-1024x984.jpg\" alt=\"Dzie\u0144 T\u0119czy\" class=\"wp-image-4311\" srcset=\"https:\/\/soswzgorzelec.eu\/wp-content\/uploads\/2025\/04\/IMG_20250402_141050-1024x984.jpg 1024w, https:\/\/soswzgorzelec.eu\/wp-content\/uploads\/2025\/04\/IMG_20250402_141050-300x288.jpg 300w, https:\/\/soswzgorzelec.eu\/wp-content\/uploads\/2025\/04\/IMG_20250402_141050-768x738.jpg 768w, https:\/\/soswzgorzelec.eu\/wp-content\/uploads\/2025\/04\/IMG_20250402_141050.jpg 1118w\" sizes=\"(max-width: 1024px) 100vw, 1024px\" \/><\/figure>\n\n\n\n<figure class=\"wp-block-image size-large\"><img loading=\"lazy\" decoding=\"async\" width=\"640\" height=\"480\" data-id=\"4308\" src=\"https:\/\/soswzgorzelec.eu\/wp-content\/uploads\/2025\/04\/IMG_20250403_131756.jpg\" alt=\"Dzie\u0144 T\u0119czy\" class=\"wp-image-4308\" srcset=\"https:\/\/soswzgorzelec.eu\/wp-content\/uploads\/2025\/04\/IMG_20250403_131756.jpg 640w, https:\/\/soswzgorzelec.eu\/wp-content\/uploads\/2025\/04\/IMG_20250403_131756-300x225.jpg 300w\" sizes=\"(max-width: 640px) 100vw, 640px\" \/><\/figure>\n\n\n\n<figure class=\"wp-block-image size-large\"><img loading=\"lazy\" decoding=\"async\" width=\"640\" height=\"480\" data-id=\"4309\" src=\"https:\/\/soswzgorzelec.eu\/wp-content\/uploads\/2025\/04\/IMG_20250403_131805.jpg\" alt=\"Dzie\u0144 T\u0119czy\" class=\"wp-image-4309\" srcset=\"https:\/\/soswzgorzelec.eu\/wp-content\/uploads\/2025\/04\/IMG_20250403_131805.jpg 640w, https:\/\/soswzgorzelec.eu\/wp-content\/uploads\/2025\/04\/IMG_20250403_131805-300x225.jpg 300w\" sizes=\"(max-width: 640px) 100vw, 640px\" \/><\/figure>\n\n\n\n<figure class=\"wp-block-image size-large\"><img loading=\"lazy\" decoding=\"async\" width=\"640\" height=\"480\" data-id=\"4312\" src=\"https:\/\/soswzgorzelec.eu\/wp-content\/uploads\/2025\/04\/IMG_20250404_132228.jpg\" alt=\"Dzie\u0144 T\u0119czy\" class=\"wp-image-4312\" srcset=\"https:\/\/soswzgorzelec.eu\/wp-content\/uploads\/2025\/04\/IMG_20250404_132228.jpg 640w, https:\/\/soswzgorzelec.eu\/wp-content\/uploads\/2025\/04\/IMG_20250404_132228-300x225.jpg 300w\" sizes=\"(max-width: 640px) 100vw, 640px\" \/><\/figure>\n\n\n\n<figure class=\"wp-block-image size-large\"><img loading=\"lazy\" decoding=\"async\" width=\"640\" height=\"593\" data-id=\"4310\" src=\"https:\/\/soswzgorzelec.eu\/wp-content\/uploads\/2025\/04\/IMG_20250405_092520.jpg\" alt=\"Dzie\u0144 T\u0119czy\" class=\"wp-image-4310\" srcset=\"https:\/\/soswzgorzelec.eu\/wp-content\/uploads\/2025\/04\/IMG_20250405_092520.jpg 640w, https:\/\/soswzgorzelec.eu\/wp-content\/uploads\/2025\/04\/IMG_20250405_092520-300x278.jpg 300w\" sizes=\"(max-width: 640px) 100vw, 640px\" \/><\/figure>\n\n\n\n<figure class=\"wp-block-image size-large\"><img loading=\"lazy\" decoding=\"async\" width=\"1024\" height=\"764\" data-id=\"4307\" src=\"https:\/\/soswzgorzelec.eu\/wp-content\/uploads\/2025\/04\/IMG_20250405_093145-1024x764.jpg\" alt=\"Dzie\u0144 T\u0119czy\" class=\"wp-image-4307\" srcset=\"https:\/\/soswzgorzelec.eu\/wp-content\/uploads\/2025\/04\/IMG_20250405_093145-1024x764.jpg 1024w, https:\/\/soswzgorzelec.eu\/wp-content\/uploads\/2025\/04\/IMG_20250405_093145-300x224.jpg 300w, https:\/\/soswzgorzelec.eu\/wp-content\/uploads\/2025\/04\/IMG_20250405_093145-768x573.jpg 768w, https:\/\/soswzgorzelec.eu\/wp-content\/uploads\/2025\/04\/IMG_20250405_093145.jpg 1051w\" sizes=\"(max-width: 1024px) 100vw, 1024px\" \/><\/figure>\n\n\n\n<figure class=\"wp-block-image size-large\"><img loading=\"lazy\" decoding=\"async\" width=\"1024\" height=\"730\" data-id=\"4305\" src=\"https:\/\/soswzgorzelec.eu\/wp-content\/uploads\/2025\/04\/IMG_20250405_094448-1024x730.jpg\" alt=\"Dzie\u0144 T\u0119czy\" class=\"wp-image-4305\" srcset=\"https:\/\/soswzgorzelec.eu\/wp-content\/uploads\/2025\/04\/IMG_20250405_094448-1024x730.jpg 1024w, https:\/\/soswzgorzelec.eu\/wp-content\/uploads\/2025\/04\/IMG_20250405_094448-300x214.jpg 300w, https:\/\/soswzgorzelec.eu\/wp-content\/uploads\/2025\/04\/IMG_20250405_094448-768x548.jpg 768w, https:\/\/soswzgorzelec.eu\/wp-content\/uploads\/2025\/04\/IMG_20250405_094448.jpg 1130w\" sizes=\"(max-width: 1024px) 100vw, 1024px\" \/><\/figure>\n\n\n\n<figure class=\"wp-block-image size-large\"><img loading=\"lazy\" decoding=\"async\" width=\"1014\" height=\"671\" data-id=\"4316\" src=\"https:\/\/soswzgorzelec.eu\/wp-content\/uploads\/2025\/04\/IMG_20250405_102250.jpg\" alt=\"Dzie\u0144 T\u0119czy\" class=\"wp-image-4316\" srcset=\"https:\/\/soswzgorzelec.eu\/wp-content\/uploads\/2025\/04\/IMG_20250405_102250.jpg 1014w, https:\/\/soswzgorzelec.eu\/wp-content\/uploads\/2025\/04\/IMG_20250405_102250-300x199.jpg 300w, https:\/\/soswzgorzelec.eu\/wp-content\/uploads\/2025\/04\/IMG_20250405_102250-768x508.jpg 768w\" sizes=\"(max-width: 1014px) 100vw, 1014px\" \/><\/figure>\n<\/figure>\n","protected":false},"excerpt":{"rendered":"<p>W dniach &nbsp;31.03 &#8211; 04.04.2025 w \u015bwietlicy nr 3 uczniowie \u015bwi\u0119towali tydzie\u0144 zwi\u0105zany z Dniem T\u0119czy, kt\u00f3ry corocznie obchodzimy 3 kwietnia. Ka\u017cdego dnia uczniowie byli ubrani na inny kolor, mieli mo\u017cliwo\u015b\u0107 spr\u00f3bowania r\u00f3\u017cnych owoc\u00f3w&#46;&#46;&#46;<\/p>\n","protected":false},"author":2,"featured_media":4316,"comment_status":"closed","ping_status":"closed","sticky":false,"template":"","format":"standard","meta":{"footnotes":""},"categories":[6],"tags":[64],"class_list":["post-4304","post","type-post","status-publish","format-standard","has-post-thumbnail","hentry","category-aktualnosci-szkolne-nowosci-ze-sosw","tag-dzien_teczy"],"yoast_head":"<!-- This site is optimized with the Yoast SEO plugin v28.4 - https:\/\/yoast.com\/product\/yoast-seo-wordpress\/ -->\n<title>Dzie\u0144 T\u0119czy - Specjalny O\u015brodek Szkolno-Wychowawczy im. Marii Grzegorzewskiej w Zgorzelcu<\/title>\n<meta name=\"robots\" content=\"index, follow, max-snippet:-1, max-image-preview:large, max-video-preview:-1\" \/>\n<link rel=\"canonical\" href=\"https:\/\/soswzgorzelec.eu\/?p=4304\" \/>\n<meta property=\"og:locale\" content=\"pl_PL\" \/>\n<meta property=\"og:type\" content=\"article\" \/>\n<meta property=\"og:title\" content=\"Dzie\u0144 T\u0119czy - Specjalny O\u015brodek Szkolno-Wychowawczy im. Marii Grzegorzewskiej w Zgorzelcu\" \/>\n<meta property=\"og:description\" content=\"W dniach &nbsp;31.03 &#8211; 04.04.2025 w \u015bwietlicy nr 3 uczniowie \u015bwi\u0119towali tydzie\u0144 zwi\u0105zany z Dniem T\u0119czy, kt\u00f3ry corocznie obchodzimy 3 kwietnia. Ka\u017cdego dnia uczniowie byli ubrani na inny kolor, mieli mo\u017cliwo\u015b\u0107 spr\u00f3bowania r\u00f3\u017cnych owoc\u00f3w&#046;&#046;&#046;\" \/>\n<meta property=\"og:url\" content=\"https:\/\/soswzgorzelec.eu\/?p=4304\" \/>\n<meta property=\"og:site_name\" content=\"Specjalny O\u015brodek Szkolno-Wychowawczy im. Marii Grzegorzewskiej w Zgorzelcu\" \/>\n<meta property=\"article:publisher\" content=\"https:\/\/www.facebook.com\/SOSW-im-Marii-Grzegorzewskiej-w-Zgorzelcu-276506309055391\" \/>\n<meta property=\"article:published_time\" content=\"2025-04-08T10:01:02+00:00\" \/>\n<meta property=\"article:modified_time\" content=\"2025-04-08T10:01:04+00:00\" \/>\n<meta property=\"og:image\" content=\"https:\/\/soswzgorzelec.eu\/wp-content\/uploads\/2025\/04\/IMG_20250405_102250.jpg\" \/>\n\t<meta property=\"og:image:width\" content=\"1014\" \/>\n\t<meta property=\"og:image:height\" content=\"671\" \/>\n\t<meta property=\"og:image:type\" content=\"image\/jpeg\" \/>\n<meta name=\"author\" content=\"redaktor\" \/>\n<meta name=\"twitter:card\" content=\"summary_large_image\" \/>\n<meta name=\"twitter:label1\" content=\"Napisane przez\" \/>\n\t<meta name=\"twitter:data1\" content=\"redaktor\" \/>\n\t<meta name=\"twitter:label2\" content=\"Szacowany czas czytania\" \/>\n\t<meta name=\"twitter:data2\" content=\"4 minuty\" \/>\n<script type=\"application\/ld+json\" class=\"yoast-schema-graph\">{\"@context\":\"https:\\\/\\\/schema.org\",\"@graph\":[{\"@type\":\"Article\",\"@id\":\"https:\\\/\\\/soswzgorzelec.eu\\\/?p=4304#article\",\"isPartOf\":{\"@id\":\"https:\\\/\\\/soswzgorzelec.eu\\\/?p=4304\"},\"author\":{\"name\":\"redaktor\",\"@id\":\"https:\\\/\\\/soswzgorzelec.eu\\\/#\\\/schema\\\/person\\\/1a89c9429568b5e9faaab23db7c368cc\"},\"headline\":\"Dzie\u0144 T\u0119czy\",\"datePublished\":\"2025-04-08T10:01:02+00:00\",\"dateModified\":\"2025-04-08T10:01:04+00:00\",\"mainEntityOfPage\":{\"@id\":\"https:\\\/\\\/soswzgorzelec.eu\\\/?p=4304\"},\"wordCount\":136,\"publisher\":{\"@id\":\"https:\\\/\\\/soswzgorzelec.eu\\\/#organization\"},\"image\":{\"@id\":\"https:\\\/\\\/soswzgorzelec.eu\\\/?p=4304#primaryimage\"},\"thumbnailUrl\":\"https:\\\/\\\/soswzgorzelec.eu\\\/wp-content\\\/uploads\\\/2025\\\/04\\\/IMG_20250405_102250.jpg\",\"keywords\":[\"#dzien_teczy\"],\"articleSection\":[\"Aktualno\u015bci szkolne\"],\"inLanguage\":\"pl-PL\"},{\"@type\":\"WebPage\",\"@id\":\"https:\\\/\\\/soswzgorzelec.eu\\\/?p=4304\",\"url\":\"https:\\\/\\\/soswzgorzelec.eu\\\/?p=4304\",\"name\":\"Dzie\u0144 T\u0119czy - Specjalny O\u015brodek Szkolno-Wychowawczy im. Marii Grzegorzewskiej w Zgorzelcu\",\"isPartOf\":{\"@id\":\"https:\\\/\\\/soswzgorzelec.eu\\\/#website\"},\"primaryImageOfPage\":{\"@id\":\"https:\\\/\\\/soswzgorzelec.eu\\\/?p=4304#primaryimage\"},\"image\":{\"@id\":\"https:\\\/\\\/soswzgorzelec.eu\\\/?p=4304#primaryimage\"},\"thumbnailUrl\":\"https:\\\/\\\/soswzgorzelec.eu\\\/wp-content\\\/uploads\\\/2025\\\/04\\\/IMG_20250405_102250.jpg\",\"datePublished\":\"2025-04-08T10:01:02+00:00\",\"dateModified\":\"2025-04-08T10:01:04+00:00\",\"breadcrumb\":{\"@id\":\"https:\\\/\\\/soswzgorzelec.eu\\\/?p=4304#breadcrumb\"},\"inLanguage\":\"pl-PL\",\"potentialAction\":[{\"@type\":\"ReadAction\",\"target\":[\"https:\\\/\\\/soswzgorzelec.eu\\\/?p=4304\"]}]},{\"@type\":\"ImageObject\",\"inLanguage\":\"pl-PL\",\"@id\":\"https:\\\/\\\/soswzgorzelec.eu\\\/?p=4304#primaryimage\",\"url\":\"https:\\\/\\\/soswzgorzelec.eu\\\/wp-content\\\/uploads\\\/2025\\\/04\\\/IMG_20250405_102250.jpg\",\"contentUrl\":\"https:\\\/\\\/soswzgorzelec.eu\\\/wp-content\\\/uploads\\\/2025\\\/04\\\/IMG_20250405_102250.jpg\",\"width\":1014,\"height\":671,\"caption\":\"Dzie\u0144 T\u0119czy\"},{\"@type\":\"BreadcrumbList\",\"@id\":\"https:\\\/\\\/soswzgorzelec.eu\\\/?p=4304#breadcrumb\",\"itemListElement\":[{\"@type\":\"ListItem\",\"position\":1,\"name\":\"Strona g\u0142\u00f3wna\",\"item\":\"https:\\\/\\\/soswzgorzelec.eu\\\/\"},{\"@type\":\"ListItem\",\"position\":2,\"name\":\"Dzie\u0144 T\u0119czy\"}]},{\"@type\":\"WebSite\",\"@id\":\"https:\\\/\\\/soswzgorzelec.eu\\\/#website\",\"url\":\"https:\\\/\\\/soswzgorzelec.eu\\\/\",\"name\":\"Specjalny O\u015brodek Szkolno - Wychowawczy im.Marii Grzegorzewskiej w Zgorzelcu\",\"description\":\"SOSW im. Marii Grzegorzewskiej w Zgorzelcu\",\"publisher\":{\"@id\":\"https:\\\/\\\/soswzgorzelec.eu\\\/#organization\"},\"potentialAction\":[{\"@type\":\"SearchAction\",\"target\":{\"@type\":\"EntryPoint\",\"urlTemplate\":\"https:\\\/\\\/soswzgorzelec.eu\\\/?s={search_term_string}\"},\"query-input\":{\"@type\":\"PropertyValueSpecification\",\"valueRequired\":true,\"valueName\":\"search_term_string\"}}],\"inLanguage\":\"pl-PL\"},{\"@type\":\"Organization\",\"@id\":\"https:\\\/\\\/soswzgorzelec.eu\\\/#organization\",\"name\":\"Specjalny O\u015brodek Szkolno Wychowawczy im. Marii Grzegorzewskiej w Zgorzelcu\",\"url\":\"https:\\\/\\\/soswzgorzelec.eu\\\/\",\"logo\":{\"@type\":\"ImageObject\",\"inLanguage\":\"pl-PL\",\"@id\":\"https:\\\/\\\/soswzgorzelec.eu\\\/#\\\/schema\\\/logo\\\/image\\\/\",\"url\":\"https:\\\/\\\/soswzgorzelec.eu\\\/wp-content\\\/uploads\\\/2020\\\/10\\\/cropped-header-object.png\",\"contentUrl\":\"https:\\\/\\\/soswzgorzelec.eu\\\/wp-content\\\/uploads\\\/2020\\\/10\\\/cropped-header-object.png\",\"width\":973,\"height\":278,\"caption\":\"Specjalny O\u015brodek Szkolno Wychowawczy im. Marii Grzegorzewskiej w Zgorzelcu\"},\"image\":{\"@id\":\"https:\\\/\\\/soswzgorzelec.eu\\\/#\\\/schema\\\/logo\\\/image\\\/\"},\"sameAs\":[\"https:\\\/\\\/www.facebook.com\\\/SOSW-im-Marii-Grzegorzewskiej-w-Zgorzelcu-276506309055391\"]},{\"@type\":\"Person\",\"@id\":\"https:\\\/\\\/soswzgorzelec.eu\\\/#\\\/schema\\\/person\\\/1a89c9429568b5e9faaab23db7c368cc\",\"name\":\"redaktor\",\"image\":{\"@type\":\"ImageObject\",\"inLanguage\":\"pl-PL\",\"@id\":\"https:\\\/\\\/secure.gravatar.com\\\/avatar\\\/662a75ae97d3e694f064ce83d50568934a641b852dc7c0842b6c2746c0a4d4a6?s=96&d=mm&r=g\",\"url\":\"https:\\\/\\\/secure.gravatar.com\\\/avatar\\\/662a75ae97d3e694f064ce83d50568934a641b852dc7c0842b6c2746c0a4d4a6?s=96&d=mm&r=g\",\"contentUrl\":\"https:\\\/\\\/secure.gravatar.com\\\/avatar\\\/662a75ae97d3e694f064ce83d50568934a641b852dc7c0842b6c2746c0a4d4a6?s=96&d=mm&r=g\",\"caption\":\"redaktor\"},\"url\":\"https:\\\/\\\/soswzgorzelec.eu\\\/?author=2\"}]}<\/script>\n<!-- \/ Yoast SEO plugin. -->","yoast_head_json":{"title":"Dzie\u0144 T\u0119czy - Specjalny O\u015brodek Szkolno-Wychowawczy im. Marii Grzegorzewskiej w Zgorzelcu","robots":{"index":"index","follow":"follow","max-snippet":"max-snippet:-1","max-image-preview":"max-image-preview:large","max-video-preview":"max-video-preview:-1"},"canonical":"https:\/\/soswzgorzelec.eu\/?p=4304","og_locale":"pl_PL","og_type":"article","og_title":"Dzie\u0144 T\u0119czy - Specjalny O\u015brodek Szkolno-Wychowawczy im. Marii Grzegorzewskiej w Zgorzelcu","og_description":"W dniach &nbsp;31.03 &#8211; 04.04.2025 w \u015bwietlicy nr 3 uczniowie \u015bwi\u0119towali tydzie\u0144 zwi\u0105zany z Dniem T\u0119czy, kt\u00f3ry corocznie obchodzimy 3 kwietnia. Ka\u017cdego dnia uczniowie byli ubrani na inny kolor, mieli mo\u017cliwo\u015b\u0107 spr\u00f3bowania r\u00f3\u017cnych owoc\u00f3w&#46;&#46;&#46;","og_url":"https:\/\/soswzgorzelec.eu\/?p=4304","og_site_name":"Specjalny O\u015brodek Szkolno-Wychowawczy im. Marii Grzegorzewskiej w Zgorzelcu","article_publisher":"https:\/\/www.facebook.com\/SOSW-im-Marii-Grzegorzewskiej-w-Zgorzelcu-276506309055391","article_published_time":"2025-04-08T10:01:02+00:00","article_modified_time":"2025-04-08T10:01:04+00:00","og_image":[{"width":1014,"height":671,"url":"https:\/\/soswzgorzelec.eu\/wp-content\/uploads\/2025\/04\/IMG_20250405_102250.jpg","type":"image\/jpeg"}],"author":"redaktor","twitter_card":"summary_large_image","twitter_misc":{"Napisane przez":"redaktor","Szacowany czas czytania":"4 minuty"},"schema":{"@context":"https:\/\/schema.org","@graph":[{"@type":"Article","@id":"https:\/\/soswzgorzelec.eu\/?p=4304#article","isPartOf":{"@id":"https:\/\/soswzgorzelec.eu\/?p=4304"},"author":{"name":"redaktor","@id":"https:\/\/soswzgorzelec.eu\/#\/schema\/person\/1a89c9429568b5e9faaab23db7c368cc"},"headline":"Dzie\u0144 T\u0119czy","datePublished":"2025-04-08T10:01:02+00:00","dateModified":"2025-04-08T10:01:04+00:00","mainEntityOfPage":{"@id":"https:\/\/soswzgorzelec.eu\/?p=4304"},"wordCount":136,"publisher":{"@id":"https:\/\/soswzgorzelec.eu\/#organization"},"image":{"@id":"https:\/\/soswzgorzelec.eu\/?p=4304#primaryimage"},"thumbnailUrl":"https:\/\/soswzgorzelec.eu\/wp-content\/uploads\/2025\/04\/IMG_20250405_102250.jpg","keywords":["#dzien_teczy"],"articleSection":["Aktualno\u015bci szkolne"],"inLanguage":"pl-PL"},{"@type":"WebPage","@id":"https:\/\/soswzgorzelec.eu\/?p=4304","url":"https:\/\/soswzgorzelec.eu\/?p=4304","name":"Dzie\u0144 T\u0119czy - Specjalny O\u015brodek Szkolno-Wychowawczy im. Marii Grzegorzewskiej w Zgorzelcu","isPartOf":{"@id":"https:\/\/soswzgorzelec.eu\/#website"},"primaryImageOfPage":{"@id":"https:\/\/soswzgorzelec.eu\/?p=4304#primaryimage"},"image":{"@id":"https:\/\/soswzgorzelec.eu\/?p=4304#primaryimage"},"thumbnailUrl":"https:\/\/soswzgorzelec.eu\/wp-content\/uploads\/2025\/04\/IMG_20250405_102250.jpg","datePublished":"2025-04-08T10:01:02+00:00","dateModified":"2025-04-08T10:01:04+00:00","breadcrumb":{"@id":"https:\/\/soswzgorzelec.eu\/?p=4304#breadcrumb"},"inLanguage":"pl-PL","potentialAction":[{"@type":"ReadAction","target":["https:\/\/soswzgorzelec.eu\/?p=4304"]}]},{"@type":"ImageObject","inLanguage":"pl-PL","@id":"https:\/\/soswzgorzelec.eu\/?p=4304#primaryimage","url":"https:\/\/soswzgorzelec.eu\/wp-content\/uploads\/2025\/04\/IMG_20250405_102250.jpg","contentUrl":"https:\/\/soswzgorzelec.eu\/wp-content\/uploads\/2025\/04\/IMG_20250405_102250.jpg","width":1014,"height":671,"caption":"Dzie\u0144 T\u0119czy"},{"@type":"BreadcrumbList","@id":"https:\/\/soswzgorzelec.eu\/?p=4304#breadcrumb","itemListElement":[{"@type":"ListItem","position":1,"name":"Strona g\u0142\u00f3wna","item":"https:\/\/soswzgorzelec.eu\/"},{"@type":"ListItem","position":2,"name":"Dzie\u0144 T\u0119czy"}]},{"@type":"WebSite","@id":"https:\/\/soswzgorzelec.eu\/#website","url":"https:\/\/soswzgorzelec.eu\/","name":"Specjalny O\u015brodek Szkolno - Wychowawczy im.Marii Grzegorzewskiej w Zgorzelcu","description":"SOSW im. Marii Grzegorzewskiej w Zgorzelcu","publisher":{"@id":"https:\/\/soswzgorzelec.eu\/#organization"},"potentialAction":[{"@type":"SearchAction","target":{"@type":"EntryPoint","urlTemplate":"https:\/\/soswzgorzelec.eu\/?s={search_term_string}"},"query-input":{"@type":"PropertyValueSpecification","valueRequired":true,"valueName":"search_term_string"}}],"inLanguage":"pl-PL"},{"@type":"Organization","@id":"https:\/\/soswzgorzelec.eu\/#organization","name":"Specjalny O\u015brodek Szkolno Wychowawczy im. Marii Grzegorzewskiej w Zgorzelcu","url":"https:\/\/soswzgorzelec.eu\/","logo":{"@type":"ImageObject","inLanguage":"pl-PL","@id":"https:\/\/soswzgorzelec.eu\/#\/schema\/logo\/image\/","url":"https:\/\/soswzgorzelec.eu\/wp-content\/uploads\/2020\/10\/cropped-header-object.png","contentUrl":"https:\/\/soswzgorzelec.eu\/wp-content\/uploads\/2020\/10\/cropped-header-object.png","width":973,"height":278,"caption":"Specjalny O\u015brodek Szkolno Wychowawczy im. Marii Grzegorzewskiej w Zgorzelcu"},"image":{"@id":"https:\/\/soswzgorzelec.eu\/#\/schema\/logo\/image\/"},"sameAs":["https:\/\/www.facebook.com\/SOSW-im-Marii-Grzegorzewskiej-w-Zgorzelcu-276506309055391"]},{"@type":"Person","@id":"https:\/\/soswzgorzelec.eu\/#\/schema\/person\/1a89c9429568b5e9faaab23db7c368cc","name":"redaktor","image":{"@type":"ImageObject","inLanguage":"pl-PL","@id":"https:\/\/secure.gravatar.com\/avatar\/662a75ae97d3e694f064ce83d50568934a641b852dc7c0842b6c2746c0a4d4a6?s=96&d=mm&r=g","url":"https:\/\/secure.gravatar.com\/avatar\/662a75ae97d3e694f064ce83d50568934a641b852dc7c0842b6c2746c0a4d4a6?s=96&d=mm&r=g","contentUrl":"https:\/\/secure.gravatar.com\/avatar\/662a75ae97d3e694f064ce83d50568934a641b852dc7c0842b6c2746c0a4d4a6?s=96&d=mm&r=g","caption":"redaktor"},"url":"https:\/\/soswzgorzelec.eu\/?author=2"}]}},"_links":{"self":[{"href":"https:\/\/soswzgorzelec.eu\/index.php?rest_route=\/wp\/v2\/posts\/4304","targetHints":{"allow":["GET"]}}],"collection":[{"href":"https:\/\/soswzgorzelec.eu\/index.php?rest_route=\/wp\/v2\/posts"}],"about":[{"href":"https:\/\/soswzgorzelec.eu\/index.php?rest_route=\/wp\/v2\/types\/post"}],"author":[{"embeddable":true,"href":"https:\/\/soswzgorzelec.eu\/index.php?rest_route=\/wp\/v2\/users\/2"}],"replies":[{"embeddable":true,"href":"https:\/\/soswzgorzelec.eu\/index.php?rest_route=%2Fwp%2Fv2%2Fcomments&post=4304"}],"version-history":[{"count":1,"href":"https:\/\/soswzgorzelec.eu\/index.php?rest_route=\/wp\/v2\/posts\/4304\/revisions"}],"predecessor-version":[{"id":4317,"href":"https:\/\/soswzgorzelec.eu\/index.php?rest_route=\/wp\/v2\/posts\/4304\/revisions\/4317"}],"wp:featuredmedia":[{"embeddable":true,"href":"https:\/\/soswzgorzelec.eu\/index.php?rest_route=\/wp\/v2\/media\/4316"}],"wp:attachment":[{"href":"https:\/\/soswzgorzelec.eu\/index.php?rest_route=%2Fwp%2Fv2%2Fmedia&parent=4304"}],"wp:term":[{"taxonomy":"category","embeddable":true,"href":"https:\/\/soswzgorzelec.eu\/index.php?rest_route=%2Fwp%2Fv2%2Fcategories&post=4304"},{"taxonomy":"post_tag","embeddable":true,"href":"https:\/\/soswzgorzelec.eu\/index.php?rest_route=%2Fwp%2Fv2%2Ftags&post=4304"}],"curies":[{"name":"wp","href":"https:\/\/api.w.org\/{rel}","templated":true}]}}