{"id":4684,"date":"2025-05-15T20:15:00","date_gmt":"2025-05-15T18:15:00","guid":{"rendered":"https:\/\/soswzgorzelec.eu\/?p=4684"},"modified":"2025-05-15T20:15:01","modified_gmt":"2025-05-15T18:15:01","slug":"wtorek-13-maja","status":"publish","type":"post","link":"https:\/\/soswzgorzelec.eu\/?p=4684","title":{"rendered":"Wtorek 13 maja"},"content":{"rendered":"<div class=\"wp-block-image\">\n<figure class=\"aligncenter size-full\"><img fetchpriority=\"high\" decoding=\"async\" width=\"213\" height=\"236\" src=\"https:\/\/soswzgorzelec.eu\/wp-content\/uploads\/2025\/05\/pszczelarz-2.jpg\" alt=\"\" class=\"wp-image-4685\"\/><\/figure>\n<\/div>\n\n\n<p class=\"has-text-align-center has-medium-font-size wp-block-paragraph\">Dnia 13 maja 2025 roku, wzi\u0119li\u015bmy udzia\u0142 w wyj\u0105tkowym spotkaniu z pszczelarzem, kt\u00f3re odby\u0142o si\u0119 w ramach zaj\u0119\u0107 z doradztwa zawodowego. Go\u015bciem specjalnym by\u0142 Pan Starosta. Pan pszczelarz opowiedzia\u0142 o swojej codziennej pracy, zaprezentowa\u0142 specjalistyczny sprz\u0119t, w tym str\u00f3j ochronny, narz\u0119dzia pszczelarskie oraz ramki z plastrami miodu. Ogromn\u0105 atrakcj\u0105 by\u0142 specjalny ul pokazowy, w kt\u00f3rym znajdowa\u0142y si\u0119 \u017cywe pszczo\u0142y \u2013 zabezpieczony i przystosowany do bezpiecznej obserwacji owad\u00f3w z bliska. Dzi\u0119ki temu mogli\u015bmy na w\u0142asne oczy zobaczy\u0107, jak wygl\u0105da \u017cycie pszczelej rodziny i spr\u00f3bowa\u0107 odnale\u017a\u0107 kr\u00f3low\u0105 pszcz\u00f3\u0142. Spotkanie wzbudzi\u0142o nasze ogromne zainteresowanie. Aktywnie uczestniczyli\u015bmy w zaj\u0119ciach, zadawali\u015bmy pytania i z ciekawo\u015bci\u0105 s\u0142uchali\u015bmy opowie\u015bci go\u015bcia. By\u0142a to nie tylko cenna lekcja o zawodzie pszczelarza, ale r\u00f3wnie\u017c okazja do nauki szacunku dla przyrody i pracy ludzi, kt\u00f3rzy si\u0119 ni\u0105 opiekuj\u0105. Serdecznie dzi\u0119kujemy Panu pszczelarzowi za inspiruj\u0105ce spotkanie, cenn\u0105 wiedz\u0119 i mo\u017cliwo\u015b\u0107 tak bliskiego kontaktu z fascynuj\u0105cym \u015bwiatem pszcz\u00f3\u0142!!!<\/p>\n\n\n<div class=\"wp-block-image\">\n<figure class=\"alignright size-full is-resized\"><img decoding=\"async\" width=\"275\" height=\"183\" src=\"https:\/\/soswzgorzelec.eu\/wp-content\/uploads\/2025\/05\/pszczelarz-1.jpg\" alt=\"\" class=\"wp-image-4686\" style=\"width:227px;height:auto\"\/><\/figure>\n<\/div>","protected":false},"excerpt":{"rendered":"<p>Dnia 13 maja 2025 roku, wzi\u0119li\u015bmy udzia\u0142 w wyj\u0105tkowym spotkaniu z pszczelarzem, kt\u00f3re odby\u0142o si\u0119 w ramach zaj\u0119\u0107 z doradztwa zawodowego. Go\u015bciem specjalnym by\u0142 Pan Starosta. Pan pszczelarz opowiedzia\u0142 o swojej codziennej pracy, zaprezentowa\u0142&#46;&#46;&#46;<\/p>\n","protected":false},"author":4,"featured_media":4685,"comment_status":"closed","ping_status":"closed","sticky":false,"template":"","format":"standard","meta":{"footnotes":""},"categories":[56],"tags":[],"class_list":["post-4684","post","type-post","status-publish","format-standard","has-post-thumbnail","hentry","category-kronika"],"yoast_head":"<!-- This site is optimized with the Yoast SEO plugin v28.3 - https:\/\/yoast.com\/product\/yoast-seo-wordpress\/ -->\n<title>Wtorek 13 maja - Specjalny O\u015brodek Szkolno-Wychowawczy im. Marii Grzegorzewskiej w Zgorzelcu<\/title>\n<meta name=\"robots\" content=\"index, follow, max-snippet:-1, max-image-preview:large, max-video-preview:-1\" \/>\n<link rel=\"canonical\" href=\"https:\/\/soswzgorzelec.eu\/?p=4684\" \/>\n<meta property=\"og:locale\" content=\"pl_PL\" \/>\n<meta property=\"og:type\" content=\"article\" \/>\n<meta property=\"og:title\" content=\"Wtorek 13 maja - Specjalny O\u015brodek Szkolno-Wychowawczy im. Marii Grzegorzewskiej w Zgorzelcu\" \/>\n<meta property=\"og:description\" content=\"Dnia 13 maja 2025 roku, wzi\u0119li\u015bmy udzia\u0142 w wyj\u0105tkowym spotkaniu z pszczelarzem, kt\u00f3re odby\u0142o si\u0119 w ramach zaj\u0119\u0107 z doradztwa zawodowego. Go\u015bciem specjalnym by\u0142 Pan Starosta. Pan pszczelarz opowiedzia\u0142 o swojej codziennej pracy, zaprezentowa\u0142&#046;&#046;&#046;\" \/>\n<meta property=\"og:url\" content=\"https:\/\/soswzgorzelec.eu\/?p=4684\" \/>\n<meta property=\"og:site_name\" content=\"Specjalny O\u015brodek Szkolno-Wychowawczy im. Marii Grzegorzewskiej w Zgorzelcu\" \/>\n<meta property=\"article:publisher\" content=\"https:\/\/www.facebook.com\/SOSW-im-Marii-Grzegorzewskiej-w-Zgorzelcu-276506309055391\" \/>\n<meta property=\"article:published_time\" content=\"2025-05-15T18:15:00+00:00\" \/>\n<meta property=\"article:modified_time\" content=\"2025-05-15T18:15:01+00:00\" \/>\n<meta property=\"og:image\" content=\"https:\/\/soswzgorzelec.eu\/wp-content\/uploads\/2025\/05\/pszczelarz-2.jpg\" \/>\n\t<meta property=\"og:image:width\" content=\"213\" \/>\n\t<meta property=\"og:image:height\" content=\"236\" \/>\n\t<meta property=\"og:image:type\" content=\"image\/jpeg\" \/>\n<meta name=\"author\" content=\"Ma\u0142gorzata Koz\u0142owska-Twerd\" \/>\n<meta name=\"twitter:card\" content=\"summary_large_image\" \/>\n<meta name=\"twitter:label1\" content=\"Napisane przez\" \/>\n\t<meta name=\"twitter:data1\" content=\"Ma\u0142gorzata Koz\u0142owska-Twerd\" \/>\n\t<meta name=\"twitter:label2\" content=\"Szacowany czas czytania\" \/>\n\t<meta name=\"twitter:data2\" content=\"2 minuty\" \/>\n<script type=\"application\/ld+json\" class=\"yoast-schema-graph\">{\"@context\":\"https:\\\/\\\/schema.org\",\"@graph\":[{\"@type\":\"Article\",\"@id\":\"https:\\\/\\\/soswzgorzelec.eu\\\/?p=4684#article\",\"isPartOf\":{\"@id\":\"https:\\\/\\\/soswzgorzelec.eu\\\/?p=4684\"},\"author\":{\"name\":\"Ma\u0142gorzata Koz\u0142owska-Twerd\",\"@id\":\"https:\\\/\\\/soswzgorzelec.eu\\\/#\\\/schema\\\/person\\\/3921d8ec22d8fcfb0e7990109c357a47\"},\"headline\":\"Wtorek 13 maja\",\"datePublished\":\"2025-05-15T18:15:00+00:00\",\"dateModified\":\"2025-05-15T18:15:01+00:00\",\"mainEntityOfPage\":{\"@id\":\"https:\\\/\\\/soswzgorzelec.eu\\\/?p=4684\"},\"wordCount\":179,\"publisher\":{\"@id\":\"https:\\\/\\\/soswzgorzelec.eu\\\/#organization\"},\"image\":{\"@id\":\"https:\\\/\\\/soswzgorzelec.eu\\\/?p=4684#primaryimage\"},\"thumbnailUrl\":\"https:\\\/\\\/soswzgorzelec.eu\\\/wp-content\\\/uploads\\\/2025\\\/05\\\/pszczelarz-2.jpg\",\"articleSection\":[\"Kronika szkolna\"],\"inLanguage\":\"pl-PL\"},{\"@type\":\"WebPage\",\"@id\":\"https:\\\/\\\/soswzgorzelec.eu\\\/?p=4684\",\"url\":\"https:\\\/\\\/soswzgorzelec.eu\\\/?p=4684\",\"name\":\"Wtorek 13 maja - Specjalny O\u015brodek Szkolno-Wychowawczy im. Marii Grzegorzewskiej w Zgorzelcu\",\"isPartOf\":{\"@id\":\"https:\\\/\\\/soswzgorzelec.eu\\\/#website\"},\"primaryImageOfPage\":{\"@id\":\"https:\\\/\\\/soswzgorzelec.eu\\\/?p=4684#primaryimage\"},\"image\":{\"@id\":\"https:\\\/\\\/soswzgorzelec.eu\\\/?p=4684#primaryimage\"},\"thumbnailUrl\":\"https:\\\/\\\/soswzgorzelec.eu\\\/wp-content\\\/uploads\\\/2025\\\/05\\\/pszczelarz-2.jpg\",\"datePublished\":\"2025-05-15T18:15:00+00:00\",\"dateModified\":\"2025-05-15T18:15:01+00:00\",\"breadcrumb\":{\"@id\":\"https:\\\/\\\/soswzgorzelec.eu\\\/?p=4684#breadcrumb\"},\"inLanguage\":\"pl-PL\",\"potentialAction\":[{\"@type\":\"ReadAction\",\"target\":[\"https:\\\/\\\/soswzgorzelec.eu\\\/?p=4684\"]}]},{\"@type\":\"ImageObject\",\"inLanguage\":\"pl-PL\",\"@id\":\"https:\\\/\\\/soswzgorzelec.eu\\\/?p=4684#primaryimage\",\"url\":\"https:\\\/\\\/soswzgorzelec.eu\\\/wp-content\\\/uploads\\\/2025\\\/05\\\/pszczelarz-2.jpg\",\"contentUrl\":\"https:\\\/\\\/soswzgorzelec.eu\\\/wp-content\\\/uploads\\\/2025\\\/05\\\/pszczelarz-2.jpg\",\"width\":213,\"height\":236},{\"@type\":\"BreadcrumbList\",\"@id\":\"https:\\\/\\\/soswzgorzelec.eu\\\/?p=4684#breadcrumb\",\"itemListElement\":[{\"@type\":\"ListItem\",\"position\":1,\"name\":\"Strona g\u0142\u00f3wna\",\"item\":\"https:\\\/\\\/soswzgorzelec.eu\\\/\"},{\"@type\":\"ListItem\",\"position\":2,\"name\":\"Wtorek 13 maja\"}]},{\"@type\":\"WebSite\",\"@id\":\"https:\\\/\\\/soswzgorzelec.eu\\\/#website\",\"url\":\"https:\\\/\\\/soswzgorzelec.eu\\\/\",\"name\":\"Specjalny O\u015brodek Szkolno - Wychowawczy im.Marii Grzegorzewskiej w Zgorzelcu\",\"description\":\"SOSW im. Marii Grzegorzewskiej w Zgorzelcu\",\"publisher\":{\"@id\":\"https:\\\/\\\/soswzgorzelec.eu\\\/#organization\"},\"potentialAction\":[{\"@type\":\"SearchAction\",\"target\":{\"@type\":\"EntryPoint\",\"urlTemplate\":\"https:\\\/\\\/soswzgorzelec.eu\\\/?s={search_term_string}\"},\"query-input\":{\"@type\":\"PropertyValueSpecification\",\"valueRequired\":true,\"valueName\":\"search_term_string\"}}],\"inLanguage\":\"pl-PL\"},{\"@type\":\"Organization\",\"@id\":\"https:\\\/\\\/soswzgorzelec.eu\\\/#organization\",\"name\":\"Specjalny O\u015brodek Szkolno Wychowawczy im. Marii Grzegorzewskiej w Zgorzelcu\",\"url\":\"https:\\\/\\\/soswzgorzelec.eu\\\/\",\"logo\":{\"@type\":\"ImageObject\",\"inLanguage\":\"pl-PL\",\"@id\":\"https:\\\/\\\/soswzgorzelec.eu\\\/#\\\/schema\\\/logo\\\/image\\\/\",\"url\":\"https:\\\/\\\/soswzgorzelec.eu\\\/wp-content\\\/uploads\\\/2020\\\/10\\\/cropped-header-object.png\",\"contentUrl\":\"https:\\\/\\\/soswzgorzelec.eu\\\/wp-content\\\/uploads\\\/2020\\\/10\\\/cropped-header-object.png\",\"width\":973,\"height\":278,\"caption\":\"Specjalny O\u015brodek Szkolno Wychowawczy im. Marii Grzegorzewskiej w Zgorzelcu\"},\"image\":{\"@id\":\"https:\\\/\\\/soswzgorzelec.eu\\\/#\\\/schema\\\/logo\\\/image\\\/\"},\"sameAs\":[\"https:\\\/\\\/www.facebook.com\\\/SOSW-im-Marii-Grzegorzewskiej-w-Zgorzelcu-276506309055391\"]},{\"@type\":\"Person\",\"@id\":\"https:\\\/\\\/soswzgorzelec.eu\\\/#\\\/schema\\\/person\\\/3921d8ec22d8fcfb0e7990109c357a47\",\"name\":\"Ma\u0142gorzata Koz\u0142owska-Twerd\",\"image\":{\"@type\":\"ImageObject\",\"inLanguage\":\"pl-PL\",\"@id\":\"https:\\\/\\\/secure.gravatar.com\\\/avatar\\\/9e86c30d31abac0177911c16e3a0199e7aa2f9c383e8453192dc960e4a03708a?s=96&d=mm&r=g\",\"url\":\"https:\\\/\\\/secure.gravatar.com\\\/avatar\\\/9e86c30d31abac0177911c16e3a0199e7aa2f9c383e8453192dc960e4a03708a?s=96&d=mm&r=g\",\"contentUrl\":\"https:\\\/\\\/secure.gravatar.com\\\/avatar\\\/9e86c30d31abac0177911c16e3a0199e7aa2f9c383e8453192dc960e4a03708a?s=96&d=mm&r=g\",\"caption\":\"Ma\u0142gorzata Koz\u0142owska-Twerd\"},\"sameAs\":[\"http:\\\/\\\/soswzgorzelec.eu\"],\"url\":\"https:\\\/\\\/soswzgorzelec.eu\\\/?author=4\"}]}<\/script>\n<!-- \/ Yoast SEO plugin. -->","yoast_head_json":{"title":"Wtorek 13 maja - Specjalny O\u015brodek Szkolno-Wychowawczy im. Marii Grzegorzewskiej w Zgorzelcu","robots":{"index":"index","follow":"follow","max-snippet":"max-snippet:-1","max-image-preview":"max-image-preview:large","max-video-preview":"max-video-preview:-1"},"canonical":"https:\/\/soswzgorzelec.eu\/?p=4684","og_locale":"pl_PL","og_type":"article","og_title":"Wtorek 13 maja - Specjalny O\u015brodek Szkolno-Wychowawczy im. Marii Grzegorzewskiej w Zgorzelcu","og_description":"Dnia 13 maja 2025 roku, wzi\u0119li\u015bmy udzia\u0142 w wyj\u0105tkowym spotkaniu z pszczelarzem, kt\u00f3re odby\u0142o si\u0119 w ramach zaj\u0119\u0107 z doradztwa zawodowego. Go\u015bciem specjalnym by\u0142 Pan Starosta. Pan pszczelarz opowiedzia\u0142 o swojej codziennej pracy, zaprezentowa\u0142&#46;&#46;&#46;","og_url":"https:\/\/soswzgorzelec.eu\/?p=4684","og_site_name":"Specjalny O\u015brodek Szkolno-Wychowawczy im. Marii Grzegorzewskiej w Zgorzelcu","article_publisher":"https:\/\/www.facebook.com\/SOSW-im-Marii-Grzegorzewskiej-w-Zgorzelcu-276506309055391","article_published_time":"2025-05-15T18:15:00+00:00","article_modified_time":"2025-05-15T18:15:01+00:00","og_image":[{"width":213,"height":236,"url":"https:\/\/soswzgorzelec.eu\/wp-content\/uploads\/2025\/05\/pszczelarz-2.jpg","type":"image\/jpeg"}],"author":"Ma\u0142gorzata Koz\u0142owska-Twerd","twitter_card":"summary_large_image","twitter_misc":{"Napisane przez":"Ma\u0142gorzata Koz\u0142owska-Twerd","Szacowany czas czytania":"2 minuty"},"schema":{"@context":"https:\/\/schema.org","@graph":[{"@type":"Article","@id":"https:\/\/soswzgorzelec.eu\/?p=4684#article","isPartOf":{"@id":"https:\/\/soswzgorzelec.eu\/?p=4684"},"author":{"name":"Ma\u0142gorzata Koz\u0142owska-Twerd","@id":"https:\/\/soswzgorzelec.eu\/#\/schema\/person\/3921d8ec22d8fcfb0e7990109c357a47"},"headline":"Wtorek 13 maja","datePublished":"2025-05-15T18:15:00+00:00","dateModified":"2025-05-15T18:15:01+00:00","mainEntityOfPage":{"@id":"https:\/\/soswzgorzelec.eu\/?p=4684"},"wordCount":179,"publisher":{"@id":"https:\/\/soswzgorzelec.eu\/#organization"},"image":{"@id":"https:\/\/soswzgorzelec.eu\/?p=4684#primaryimage"},"thumbnailUrl":"https:\/\/soswzgorzelec.eu\/wp-content\/uploads\/2025\/05\/pszczelarz-2.jpg","articleSection":["Kronika szkolna"],"inLanguage":"pl-PL"},{"@type":"WebPage","@id":"https:\/\/soswzgorzelec.eu\/?p=4684","url":"https:\/\/soswzgorzelec.eu\/?p=4684","name":"Wtorek 13 maja - Specjalny O\u015brodek Szkolno-Wychowawczy im. Marii Grzegorzewskiej w Zgorzelcu","isPartOf":{"@id":"https:\/\/soswzgorzelec.eu\/#website"},"primaryImageOfPage":{"@id":"https:\/\/soswzgorzelec.eu\/?p=4684#primaryimage"},"image":{"@id":"https:\/\/soswzgorzelec.eu\/?p=4684#primaryimage"},"thumbnailUrl":"https:\/\/soswzgorzelec.eu\/wp-content\/uploads\/2025\/05\/pszczelarz-2.jpg","datePublished":"2025-05-15T18:15:00+00:00","dateModified":"2025-05-15T18:15:01+00:00","breadcrumb":{"@id":"https:\/\/soswzgorzelec.eu\/?p=4684#breadcrumb"},"inLanguage":"pl-PL","potentialAction":[{"@type":"ReadAction","target":["https:\/\/soswzgorzelec.eu\/?p=4684"]}]},{"@type":"ImageObject","inLanguage":"pl-PL","@id":"https:\/\/soswzgorzelec.eu\/?p=4684#primaryimage","url":"https:\/\/soswzgorzelec.eu\/wp-content\/uploads\/2025\/05\/pszczelarz-2.jpg","contentUrl":"https:\/\/soswzgorzelec.eu\/wp-content\/uploads\/2025\/05\/pszczelarz-2.jpg","width":213,"height":236},{"@type":"BreadcrumbList","@id":"https:\/\/soswzgorzelec.eu\/?p=4684#breadcrumb","itemListElement":[{"@type":"ListItem","position":1,"name":"Strona g\u0142\u00f3wna","item":"https:\/\/soswzgorzelec.eu\/"},{"@type":"ListItem","position":2,"name":"Wtorek 13 maja"}]},{"@type":"WebSite","@id":"https:\/\/soswzgorzelec.eu\/#website","url":"https:\/\/soswzgorzelec.eu\/","name":"Specjalny O\u015brodek Szkolno - Wychowawczy im.Marii Grzegorzewskiej w Zgorzelcu","description":"SOSW im. Marii Grzegorzewskiej w Zgorzelcu","publisher":{"@id":"https:\/\/soswzgorzelec.eu\/#organization"},"potentialAction":[{"@type":"SearchAction","target":{"@type":"EntryPoint","urlTemplate":"https:\/\/soswzgorzelec.eu\/?s={search_term_string}"},"query-input":{"@type":"PropertyValueSpecification","valueRequired":true,"valueName":"search_term_string"}}],"inLanguage":"pl-PL"},{"@type":"Organization","@id":"https:\/\/soswzgorzelec.eu\/#organization","name":"Specjalny O\u015brodek Szkolno Wychowawczy im. Marii Grzegorzewskiej w Zgorzelcu","url":"https:\/\/soswzgorzelec.eu\/","logo":{"@type":"ImageObject","inLanguage":"pl-PL","@id":"https:\/\/soswzgorzelec.eu\/#\/schema\/logo\/image\/","url":"https:\/\/soswzgorzelec.eu\/wp-content\/uploads\/2020\/10\/cropped-header-object.png","contentUrl":"https:\/\/soswzgorzelec.eu\/wp-content\/uploads\/2020\/10\/cropped-header-object.png","width":973,"height":278,"caption":"Specjalny O\u015brodek Szkolno Wychowawczy im. Marii Grzegorzewskiej w Zgorzelcu"},"image":{"@id":"https:\/\/soswzgorzelec.eu\/#\/schema\/logo\/image\/"},"sameAs":["https:\/\/www.facebook.com\/SOSW-im-Marii-Grzegorzewskiej-w-Zgorzelcu-276506309055391"]},{"@type":"Person","@id":"https:\/\/soswzgorzelec.eu\/#\/schema\/person\/3921d8ec22d8fcfb0e7990109c357a47","name":"Ma\u0142gorzata Koz\u0142owska-Twerd","image":{"@type":"ImageObject","inLanguage":"pl-PL","@id":"https:\/\/secure.gravatar.com\/avatar\/9e86c30d31abac0177911c16e3a0199e7aa2f9c383e8453192dc960e4a03708a?s=96&d=mm&r=g","url":"https:\/\/secure.gravatar.com\/avatar\/9e86c30d31abac0177911c16e3a0199e7aa2f9c383e8453192dc960e4a03708a?s=96&d=mm&r=g","contentUrl":"https:\/\/secure.gravatar.com\/avatar\/9e86c30d31abac0177911c16e3a0199e7aa2f9c383e8453192dc960e4a03708a?s=96&d=mm&r=g","caption":"Ma\u0142gorzata Koz\u0142owska-Twerd"},"sameAs":["http:\/\/soswzgorzelec.eu"],"url":"https:\/\/soswzgorzelec.eu\/?author=4"}]}},"_links":{"self":[{"href":"https:\/\/soswzgorzelec.eu\/index.php?rest_route=\/wp\/v2\/posts\/4684","targetHints":{"allow":["GET"]}}],"collection":[{"href":"https:\/\/soswzgorzelec.eu\/index.php?rest_route=\/wp\/v2\/posts"}],"about":[{"href":"https:\/\/soswzgorzelec.eu\/index.php?rest_route=\/wp\/v2\/types\/post"}],"author":[{"embeddable":true,"href":"https:\/\/soswzgorzelec.eu\/index.php?rest_route=\/wp\/v2\/users\/4"}],"replies":[{"embeddable":true,"href":"https:\/\/soswzgorzelec.eu\/index.php?rest_route=%2Fwp%2Fv2%2Fcomments&post=4684"}],"version-history":[{"count":1,"href":"https:\/\/soswzgorzelec.eu\/index.php?rest_route=\/wp\/v2\/posts\/4684\/revisions"}],"predecessor-version":[{"id":4687,"href":"https:\/\/soswzgorzelec.eu\/index.php?rest_route=\/wp\/v2\/posts\/4684\/revisions\/4687"}],"wp:featuredmedia":[{"embeddable":true,"href":"https:\/\/soswzgorzelec.eu\/index.php?rest_route=\/wp\/v2\/media\/4685"}],"wp:attachment":[{"href":"https:\/\/soswzgorzelec.eu\/index.php?rest_route=%2Fwp%2Fv2%2Fmedia&parent=4684"}],"wp:term":[{"taxonomy":"category","embeddable":true,"href":"https:\/\/soswzgorzelec.eu\/index.php?rest_route=%2Fwp%2Fv2%2Fcategories&post=4684"},{"taxonomy":"post_tag","embeddable":true,"href":"https:\/\/soswzgorzelec.eu\/index.php?rest_route=%2Fwp%2Fv2%2Ftags&post=4684"}],"curies":[{"name":"wp","href":"https:\/\/api.w.org\/{rel}","templated":true}]}}