{"id":4733,"date":"2025-05-30T11:09:17","date_gmt":"2025-05-30T09:09:17","guid":{"rendered":"https:\/\/soswzgorzelec.eu\/?p=4733"},"modified":"2025-05-30T11:14:33","modified_gmt":"2025-05-30T09:14:33","slug":"i-komunia-swieta-uczniow-specjalnego-osrodka-szkolno-wychowawczego-im-marii-grzegorzewskiej-w-zgorzelcu","status":"publish","type":"post","link":"https:\/\/soswzgorzelec.eu\/?p=4733","title":{"rendered":"I Komunia \u015awi\u0119ta uczni\u00f3w Specjalnego O\u015brodka Szkolno- Wychowawczego im. Marii Grzegorzewskiej w Zgorzelcu"},"content":{"rendered":"\n<p class=\"wp-block-paragraph\">Dnia 25.05.2025 roku w niedziel\u0119 o godz. 14 w Ko\u015bciele pw. \u015bw. Bonifacego w Zgorzelcu, 18 uczni\u00f3w z naszej plac\u00f3wki przyst\u0105pi\u0142o po raz pierwszy do sakramentu spowiedzi i I Komunii \u015awi\u0119tej. By\u0142 to dzie\u0144 pi\u0119kny, wzruszaj\u0105cy, wyj\u0105tkowy i wa\u017cny dla wszystkich uczestnicz\u0105cych. Przede wszystkim dla dzieci i rodzic\u00f3w, Dyrekcji i Ksi\u0119dza Proboszcza, katechet\u00f3w, wychowawc\u00f3w, nauczycieli, rodzin i zaproszonych go\u015bci.<br>Rodzice dzi\u0119kowali Ksi\u0119dzu za rado\u015b\u0107 tamtejszego dzisiejszego, za Msz\u0119 \u015awi\u0119t\u0105, podczas kt\u00f3rej \u017cywy i prawdziwy B\u00f3g po raz pierwszy zago\u015bci\u0142 w sercach dzieci. Pani Dyrektor, Wicedyrektorom za otwarte serce, kt\u00f3re uwzgl\u0119dnia zar\u00f3wno edukacj\u0119, jak i rozw\u00f3j duchowy naszych dzieci. Za trosk\u0119 i mo\u017cliwo\u015b\u0107. Wychowawcom i nauczycielom, kt\u00f3rzy w swojej codziennej pracy troszcz\u0105 si\u0119 o dzieci. Katechetom za ich trud i po\u015bwi\u0119cenie w przygotowaniu dzieci pierwszokomunijnych do pe\u0142nego uczestnictwa w Naj\u015bwi\u0119tszej Ofierze. Siostrom zakonnym i scholi za muzyczn\u0105 opraw\u0119 Mszy \u015awi\u0119tej, a ministrantom za pos\u0142ug\u0119 przy o\u0142tarzu.<br>Wszystkim \u017cyczliwym osobom, dzi\u0119kujemy za radowanie si\u0119 tym dniem razem z dzie\u0107mi i ich rodzicami.<br>Niech Chrystus Pan wszystkim b\u0142ogos\u0142awi, a Matka Bo\u017ca, niech otocza swoj\u0105 Matczyn\u0105 opiek\u0105 i obdarzy potrzebnymi \u0142askami.<\/p>\n\n\n\n<figure class=\"wp-block-image size-large\"><img fetchpriority=\"high\" decoding=\"async\" width=\"1024\" height=\"639\" src=\"https:\/\/soswzgorzelec.eu\/wp-content\/uploads\/2025\/05\/komunia-1024x639.jpg\" alt=\"I Komunia \u015awi\u0119ta\" class=\"wp-image-4734\" srcset=\"https:\/\/soswzgorzelec.eu\/wp-content\/uploads\/2025\/05\/komunia-1024x639.jpg 1024w, https:\/\/soswzgorzelec.eu\/wp-content\/uploads\/2025\/05\/komunia-300x187.jpg 300w, https:\/\/soswzgorzelec.eu\/wp-content\/uploads\/2025\/05\/komunia-768x479.jpg 768w, https:\/\/soswzgorzelec.eu\/wp-content\/uploads\/2025\/05\/komunia.jpg 1248w\" sizes=\"(max-width: 1024px) 100vw, 1024px\" \/><\/figure>\n","protected":false},"excerpt":{"rendered":"<p>Dnia 25.05.2025 roku w niedziel\u0119 o godz. 14 w Ko\u015bciele pw. \u015bw. Bonifacego w Zgorzelcu, 18 uczni\u00f3w z naszej plac\u00f3wki przyst\u0105pi\u0142o po raz pierwszy do sakramentu spowiedzi i I Komunii \u015awi\u0119tej. By\u0142 to dzie\u0144&#46;&#46;&#46;<\/p>\n","protected":false},"author":2,"featured_media":4734,"comment_status":"closed","ping_status":"closed","sticky":false,"template":"","format":"standard","meta":{"footnotes":""},"categories":[6],"tags":[],"class_list":["post-4733","post","type-post","status-publish","format-standard","has-post-thumbnail","hentry","category-aktualnosci-szkolne-nowosci-ze-sosw"],"yoast_head":"<!-- This site is optimized with the Yoast SEO plugin v28.4 - https:\/\/yoast.com\/product\/yoast-seo-wordpress\/ -->\n<title>I Komunia \u015awi\u0119ta uczni\u00f3w Specjalnego O\u015brodka Szkolno- Wychowawczego im. Marii Grzegorzewskiej w Zgorzelcu - Specjalny O\u015brodek Szkolno-Wychowawczy im. Marii Grzegorzewskiej w Zgorzelcu<\/title>\n<meta name=\"robots\" content=\"index, follow, max-snippet:-1, max-image-preview:large, max-video-preview:-1\" \/>\n<link rel=\"canonical\" href=\"https:\/\/soswzgorzelec.eu\/?p=4733\" \/>\n<meta property=\"og:locale\" content=\"pl_PL\" \/>\n<meta property=\"og:type\" content=\"article\" \/>\n<meta property=\"og:title\" content=\"I Komunia \u015awi\u0119ta uczni\u00f3w Specjalnego O\u015brodka Szkolno- Wychowawczego im. Marii Grzegorzewskiej w Zgorzelcu - Specjalny O\u015brodek Szkolno-Wychowawczy im. Marii Grzegorzewskiej w Zgorzelcu\" \/>\n<meta property=\"og:description\" content=\"Dnia 25.05.2025 roku w niedziel\u0119 o godz. 14 w Ko\u015bciele pw. \u015bw. Bonifacego w Zgorzelcu, 18 uczni\u00f3w z naszej plac\u00f3wki przyst\u0105pi\u0142o po raz pierwszy do sakramentu spowiedzi i I Komunii \u015awi\u0119tej. By\u0142 to dzie\u0144&#046;&#046;&#046;\" \/>\n<meta property=\"og:url\" content=\"https:\/\/soswzgorzelec.eu\/?p=4733\" \/>\n<meta property=\"og:site_name\" content=\"Specjalny O\u015brodek Szkolno-Wychowawczy im. Marii Grzegorzewskiej w Zgorzelcu\" \/>\n<meta property=\"article:publisher\" content=\"https:\/\/www.facebook.com\/SOSW-im-Marii-Grzegorzewskiej-w-Zgorzelcu-276506309055391\" \/>\n<meta property=\"article:published_time\" content=\"2025-05-30T09:09:17+00:00\" \/>\n<meta property=\"article:modified_time\" content=\"2025-05-30T09:14:33+00:00\" \/>\n<meta property=\"og:image\" content=\"https:\/\/soswzgorzelec.eu\/wp-content\/uploads\/2025\/05\/komunia.jpg\" \/>\n\t<meta property=\"og:image:width\" content=\"1248\" \/>\n\t<meta property=\"og:image:height\" content=\"779\" \/>\n\t<meta property=\"og:image:type\" content=\"image\/jpeg\" \/>\n<meta name=\"author\" content=\"redaktor\" \/>\n<meta name=\"twitter:card\" content=\"summary_large_image\" \/>\n<meta name=\"twitter:label1\" content=\"Napisane przez\" \/>\n\t<meta name=\"twitter:data1\" content=\"redaktor\" \/>\n\t<meta name=\"twitter:label2\" content=\"Szacowany czas czytania\" \/>\n\t<meta name=\"twitter:data2\" content=\"2 minuty\" \/>\n<script type=\"application\/ld+json\" class=\"yoast-schema-graph\">{\"@context\":\"https:\\\/\\\/schema.org\",\"@graph\":[{\"@type\":\"Article\",\"@id\":\"https:\\\/\\\/soswzgorzelec.eu\\\/?p=4733#article\",\"isPartOf\":{\"@id\":\"https:\\\/\\\/soswzgorzelec.eu\\\/?p=4733\"},\"author\":{\"name\":\"redaktor\",\"@id\":\"https:\\\/\\\/soswzgorzelec.eu\\\/#\\\/schema\\\/person\\\/1a89c9429568b5e9faaab23db7c368cc\"},\"headline\":\"I Komunia \u015awi\u0119ta uczni\u00f3w Specjalnego O\u015brodka Szkolno- Wychowawczego im. Marii Grzegorzewskiej w Zgorzelcu\",\"datePublished\":\"2025-05-30T09:09:17+00:00\",\"dateModified\":\"2025-05-30T09:14:33+00:00\",\"mainEntityOfPage\":{\"@id\":\"https:\\\/\\\/soswzgorzelec.eu\\\/?p=4733\"},\"wordCount\":231,\"publisher\":{\"@id\":\"https:\\\/\\\/soswzgorzelec.eu\\\/#organization\"},\"image\":{\"@id\":\"https:\\\/\\\/soswzgorzelec.eu\\\/?p=4733#primaryimage\"},\"thumbnailUrl\":\"https:\\\/\\\/soswzgorzelec.eu\\\/wp-content\\\/uploads\\\/2025\\\/05\\\/komunia.jpg\",\"articleSection\":[\"Aktualno\u015bci szkolne\"],\"inLanguage\":\"pl-PL\"},{\"@type\":\"WebPage\",\"@id\":\"https:\\\/\\\/soswzgorzelec.eu\\\/?p=4733\",\"url\":\"https:\\\/\\\/soswzgorzelec.eu\\\/?p=4733\",\"name\":\"I Komunia \u015awi\u0119ta uczni\u00f3w Specjalnego O\u015brodka Szkolno- Wychowawczego im. Marii Grzegorzewskiej w Zgorzelcu - Specjalny O\u015brodek Szkolno-Wychowawczy im. Marii Grzegorzewskiej w Zgorzelcu\",\"isPartOf\":{\"@id\":\"https:\\\/\\\/soswzgorzelec.eu\\\/#website\"},\"primaryImageOfPage\":{\"@id\":\"https:\\\/\\\/soswzgorzelec.eu\\\/?p=4733#primaryimage\"},\"image\":{\"@id\":\"https:\\\/\\\/soswzgorzelec.eu\\\/?p=4733#primaryimage\"},\"thumbnailUrl\":\"https:\\\/\\\/soswzgorzelec.eu\\\/wp-content\\\/uploads\\\/2025\\\/05\\\/komunia.jpg\",\"datePublished\":\"2025-05-30T09:09:17+00:00\",\"dateModified\":\"2025-05-30T09:14:33+00:00\",\"breadcrumb\":{\"@id\":\"https:\\\/\\\/soswzgorzelec.eu\\\/?p=4733#breadcrumb\"},\"inLanguage\":\"pl-PL\",\"potentialAction\":[{\"@type\":\"ReadAction\",\"target\":[\"https:\\\/\\\/soswzgorzelec.eu\\\/?p=4733\"]}]},{\"@type\":\"ImageObject\",\"inLanguage\":\"pl-PL\",\"@id\":\"https:\\\/\\\/soswzgorzelec.eu\\\/?p=4733#primaryimage\",\"url\":\"https:\\\/\\\/soswzgorzelec.eu\\\/wp-content\\\/uploads\\\/2025\\\/05\\\/komunia.jpg\",\"contentUrl\":\"https:\\\/\\\/soswzgorzelec.eu\\\/wp-content\\\/uploads\\\/2025\\\/05\\\/komunia.jpg\",\"width\":1248,\"height\":779,\"caption\":\"I Komunia \u015awi\u0119ta\"},{\"@type\":\"BreadcrumbList\",\"@id\":\"https:\\\/\\\/soswzgorzelec.eu\\\/?p=4733#breadcrumb\",\"itemListElement\":[{\"@type\":\"ListItem\",\"position\":1,\"name\":\"Strona g\u0142\u00f3wna\",\"item\":\"https:\\\/\\\/soswzgorzelec.eu\\\/\"},{\"@type\":\"ListItem\",\"position\":2,\"name\":\"I Komunia \u015awi\u0119ta uczni\u00f3w Specjalnego O\u015brodka Szkolno- Wychowawczego im. Marii Grzegorzewskiej w Zgorzelcu\"}]},{\"@type\":\"WebSite\",\"@id\":\"https:\\\/\\\/soswzgorzelec.eu\\\/#website\",\"url\":\"https:\\\/\\\/soswzgorzelec.eu\\\/\",\"name\":\"Specjalny O\u015brodek Szkolno - Wychowawczy im.Marii Grzegorzewskiej w Zgorzelcu\",\"description\":\"SOSW im. Marii Grzegorzewskiej w Zgorzelcu\",\"publisher\":{\"@id\":\"https:\\\/\\\/soswzgorzelec.eu\\\/#organization\"},\"potentialAction\":[{\"@type\":\"SearchAction\",\"target\":{\"@type\":\"EntryPoint\",\"urlTemplate\":\"https:\\\/\\\/soswzgorzelec.eu\\\/?s={search_term_string}\"},\"query-input\":{\"@type\":\"PropertyValueSpecification\",\"valueRequired\":true,\"valueName\":\"search_term_string\"}}],\"inLanguage\":\"pl-PL\"},{\"@type\":\"Organization\",\"@id\":\"https:\\\/\\\/soswzgorzelec.eu\\\/#organization\",\"name\":\"Specjalny O\u015brodek Szkolno Wychowawczy im. Marii Grzegorzewskiej w Zgorzelcu\",\"url\":\"https:\\\/\\\/soswzgorzelec.eu\\\/\",\"logo\":{\"@type\":\"ImageObject\",\"inLanguage\":\"pl-PL\",\"@id\":\"https:\\\/\\\/soswzgorzelec.eu\\\/#\\\/schema\\\/logo\\\/image\\\/\",\"url\":\"https:\\\/\\\/soswzgorzelec.eu\\\/wp-content\\\/uploads\\\/2020\\\/10\\\/cropped-header-object.png\",\"contentUrl\":\"https:\\\/\\\/soswzgorzelec.eu\\\/wp-content\\\/uploads\\\/2020\\\/10\\\/cropped-header-object.png\",\"width\":973,\"height\":278,\"caption\":\"Specjalny O\u015brodek Szkolno Wychowawczy im. Marii Grzegorzewskiej w Zgorzelcu\"},\"image\":{\"@id\":\"https:\\\/\\\/soswzgorzelec.eu\\\/#\\\/schema\\\/logo\\\/image\\\/\"},\"sameAs\":[\"https:\\\/\\\/www.facebook.com\\\/SOSW-im-Marii-Grzegorzewskiej-w-Zgorzelcu-276506309055391\"]},{\"@type\":\"Person\",\"@id\":\"https:\\\/\\\/soswzgorzelec.eu\\\/#\\\/schema\\\/person\\\/1a89c9429568b5e9faaab23db7c368cc\",\"name\":\"redaktor\",\"image\":{\"@type\":\"ImageObject\",\"inLanguage\":\"pl-PL\",\"@id\":\"https:\\\/\\\/secure.gravatar.com\\\/avatar\\\/662a75ae97d3e694f064ce83d50568934a641b852dc7c0842b6c2746c0a4d4a6?s=96&d=mm&r=g\",\"url\":\"https:\\\/\\\/secure.gravatar.com\\\/avatar\\\/662a75ae97d3e694f064ce83d50568934a641b852dc7c0842b6c2746c0a4d4a6?s=96&d=mm&r=g\",\"contentUrl\":\"https:\\\/\\\/secure.gravatar.com\\\/avatar\\\/662a75ae97d3e694f064ce83d50568934a641b852dc7c0842b6c2746c0a4d4a6?s=96&d=mm&r=g\",\"caption\":\"redaktor\"},\"url\":\"https:\\\/\\\/soswzgorzelec.eu\\\/?author=2\"}]}<\/script>\n<!-- \/ Yoast SEO plugin. -->","yoast_head_json":{"title":"I Komunia \u015awi\u0119ta uczni\u00f3w Specjalnego O\u015brodka Szkolno- Wychowawczego im. Marii Grzegorzewskiej w Zgorzelcu - Specjalny O\u015brodek Szkolno-Wychowawczy im. Marii Grzegorzewskiej w Zgorzelcu","robots":{"index":"index","follow":"follow","max-snippet":"max-snippet:-1","max-image-preview":"max-image-preview:large","max-video-preview":"max-video-preview:-1"},"canonical":"https:\/\/soswzgorzelec.eu\/?p=4733","og_locale":"pl_PL","og_type":"article","og_title":"I Komunia \u015awi\u0119ta uczni\u00f3w Specjalnego O\u015brodka Szkolno- Wychowawczego im. Marii Grzegorzewskiej w Zgorzelcu - Specjalny O\u015brodek Szkolno-Wychowawczy im. Marii Grzegorzewskiej w Zgorzelcu","og_description":"Dnia 25.05.2025 roku w niedziel\u0119 o godz. 14 w Ko\u015bciele pw. \u015bw. Bonifacego w Zgorzelcu, 18 uczni\u00f3w z naszej plac\u00f3wki przyst\u0105pi\u0142o po raz pierwszy do sakramentu spowiedzi i I Komunii \u015awi\u0119tej. By\u0142 to dzie\u0144&#46;&#46;&#46;","og_url":"https:\/\/soswzgorzelec.eu\/?p=4733","og_site_name":"Specjalny O\u015brodek Szkolno-Wychowawczy im. Marii Grzegorzewskiej w Zgorzelcu","article_publisher":"https:\/\/www.facebook.com\/SOSW-im-Marii-Grzegorzewskiej-w-Zgorzelcu-276506309055391","article_published_time":"2025-05-30T09:09:17+00:00","article_modified_time":"2025-05-30T09:14:33+00:00","og_image":[{"width":1248,"height":779,"url":"https:\/\/soswzgorzelec.eu\/wp-content\/uploads\/2025\/05\/komunia.jpg","type":"image\/jpeg"}],"author":"redaktor","twitter_card":"summary_large_image","twitter_misc":{"Napisane przez":"redaktor","Szacowany czas czytania":"2 minuty"},"schema":{"@context":"https:\/\/schema.org","@graph":[{"@type":"Article","@id":"https:\/\/soswzgorzelec.eu\/?p=4733#article","isPartOf":{"@id":"https:\/\/soswzgorzelec.eu\/?p=4733"},"author":{"name":"redaktor","@id":"https:\/\/soswzgorzelec.eu\/#\/schema\/person\/1a89c9429568b5e9faaab23db7c368cc"},"headline":"I Komunia \u015awi\u0119ta uczni\u00f3w Specjalnego O\u015brodka Szkolno- Wychowawczego im. Marii Grzegorzewskiej w Zgorzelcu","datePublished":"2025-05-30T09:09:17+00:00","dateModified":"2025-05-30T09:14:33+00:00","mainEntityOfPage":{"@id":"https:\/\/soswzgorzelec.eu\/?p=4733"},"wordCount":231,"publisher":{"@id":"https:\/\/soswzgorzelec.eu\/#organization"},"image":{"@id":"https:\/\/soswzgorzelec.eu\/?p=4733#primaryimage"},"thumbnailUrl":"https:\/\/soswzgorzelec.eu\/wp-content\/uploads\/2025\/05\/komunia.jpg","articleSection":["Aktualno\u015bci szkolne"],"inLanguage":"pl-PL"},{"@type":"WebPage","@id":"https:\/\/soswzgorzelec.eu\/?p=4733","url":"https:\/\/soswzgorzelec.eu\/?p=4733","name":"I Komunia \u015awi\u0119ta uczni\u00f3w Specjalnego O\u015brodka Szkolno- Wychowawczego im. Marii Grzegorzewskiej w Zgorzelcu - Specjalny O\u015brodek Szkolno-Wychowawczy im. Marii Grzegorzewskiej w Zgorzelcu","isPartOf":{"@id":"https:\/\/soswzgorzelec.eu\/#website"},"primaryImageOfPage":{"@id":"https:\/\/soswzgorzelec.eu\/?p=4733#primaryimage"},"image":{"@id":"https:\/\/soswzgorzelec.eu\/?p=4733#primaryimage"},"thumbnailUrl":"https:\/\/soswzgorzelec.eu\/wp-content\/uploads\/2025\/05\/komunia.jpg","datePublished":"2025-05-30T09:09:17+00:00","dateModified":"2025-05-30T09:14:33+00:00","breadcrumb":{"@id":"https:\/\/soswzgorzelec.eu\/?p=4733#breadcrumb"},"inLanguage":"pl-PL","potentialAction":[{"@type":"ReadAction","target":["https:\/\/soswzgorzelec.eu\/?p=4733"]}]},{"@type":"ImageObject","inLanguage":"pl-PL","@id":"https:\/\/soswzgorzelec.eu\/?p=4733#primaryimage","url":"https:\/\/soswzgorzelec.eu\/wp-content\/uploads\/2025\/05\/komunia.jpg","contentUrl":"https:\/\/soswzgorzelec.eu\/wp-content\/uploads\/2025\/05\/komunia.jpg","width":1248,"height":779,"caption":"I Komunia \u015awi\u0119ta"},{"@type":"BreadcrumbList","@id":"https:\/\/soswzgorzelec.eu\/?p=4733#breadcrumb","itemListElement":[{"@type":"ListItem","position":1,"name":"Strona g\u0142\u00f3wna","item":"https:\/\/soswzgorzelec.eu\/"},{"@type":"ListItem","position":2,"name":"I Komunia \u015awi\u0119ta uczni\u00f3w Specjalnego O\u015brodka Szkolno- Wychowawczego im. Marii Grzegorzewskiej w Zgorzelcu"}]},{"@type":"WebSite","@id":"https:\/\/soswzgorzelec.eu\/#website","url":"https:\/\/soswzgorzelec.eu\/","name":"Specjalny O\u015brodek Szkolno - Wychowawczy im.Marii Grzegorzewskiej w Zgorzelcu","description":"SOSW im. Marii Grzegorzewskiej w Zgorzelcu","publisher":{"@id":"https:\/\/soswzgorzelec.eu\/#organization"},"potentialAction":[{"@type":"SearchAction","target":{"@type":"EntryPoint","urlTemplate":"https:\/\/soswzgorzelec.eu\/?s={search_term_string}"},"query-input":{"@type":"PropertyValueSpecification","valueRequired":true,"valueName":"search_term_string"}}],"inLanguage":"pl-PL"},{"@type":"Organization","@id":"https:\/\/soswzgorzelec.eu\/#organization","name":"Specjalny O\u015brodek Szkolno Wychowawczy im. Marii Grzegorzewskiej w Zgorzelcu","url":"https:\/\/soswzgorzelec.eu\/","logo":{"@type":"ImageObject","inLanguage":"pl-PL","@id":"https:\/\/soswzgorzelec.eu\/#\/schema\/logo\/image\/","url":"https:\/\/soswzgorzelec.eu\/wp-content\/uploads\/2020\/10\/cropped-header-object.png","contentUrl":"https:\/\/soswzgorzelec.eu\/wp-content\/uploads\/2020\/10\/cropped-header-object.png","width":973,"height":278,"caption":"Specjalny O\u015brodek Szkolno Wychowawczy im. Marii Grzegorzewskiej w Zgorzelcu"},"image":{"@id":"https:\/\/soswzgorzelec.eu\/#\/schema\/logo\/image\/"},"sameAs":["https:\/\/www.facebook.com\/SOSW-im-Marii-Grzegorzewskiej-w-Zgorzelcu-276506309055391"]},{"@type":"Person","@id":"https:\/\/soswzgorzelec.eu\/#\/schema\/person\/1a89c9429568b5e9faaab23db7c368cc","name":"redaktor","image":{"@type":"ImageObject","inLanguage":"pl-PL","@id":"https:\/\/secure.gravatar.com\/avatar\/662a75ae97d3e694f064ce83d50568934a641b852dc7c0842b6c2746c0a4d4a6?s=96&d=mm&r=g","url":"https:\/\/secure.gravatar.com\/avatar\/662a75ae97d3e694f064ce83d50568934a641b852dc7c0842b6c2746c0a4d4a6?s=96&d=mm&r=g","contentUrl":"https:\/\/secure.gravatar.com\/avatar\/662a75ae97d3e694f064ce83d50568934a641b852dc7c0842b6c2746c0a4d4a6?s=96&d=mm&r=g","caption":"redaktor"},"url":"https:\/\/soswzgorzelec.eu\/?author=2"}]}},"_links":{"self":[{"href":"https:\/\/soswzgorzelec.eu\/index.php?rest_route=\/wp\/v2\/posts\/4733","targetHints":{"allow":["GET"]}}],"collection":[{"href":"https:\/\/soswzgorzelec.eu\/index.php?rest_route=\/wp\/v2\/posts"}],"about":[{"href":"https:\/\/soswzgorzelec.eu\/index.php?rest_route=\/wp\/v2\/types\/post"}],"author":[{"embeddable":true,"href":"https:\/\/soswzgorzelec.eu\/index.php?rest_route=\/wp\/v2\/users\/2"}],"replies":[{"embeddable":true,"href":"https:\/\/soswzgorzelec.eu\/index.php?rest_route=%2Fwp%2Fv2%2Fcomments&post=4733"}],"version-history":[{"count":1,"href":"https:\/\/soswzgorzelec.eu\/index.php?rest_route=\/wp\/v2\/posts\/4733\/revisions"}],"predecessor-version":[{"id":4735,"href":"https:\/\/soswzgorzelec.eu\/index.php?rest_route=\/wp\/v2\/posts\/4733\/revisions\/4735"}],"wp:featuredmedia":[{"embeddable":true,"href":"https:\/\/soswzgorzelec.eu\/index.php?rest_route=\/wp\/v2\/media\/4734"}],"wp:attachment":[{"href":"https:\/\/soswzgorzelec.eu\/index.php?rest_route=%2Fwp%2Fv2%2Fmedia&parent=4733"}],"wp:term":[{"taxonomy":"category","embeddable":true,"href":"https:\/\/soswzgorzelec.eu\/index.php?rest_route=%2Fwp%2Fv2%2Fcategories&post=4733"},{"taxonomy":"post_tag","embeddable":true,"href":"https:\/\/soswzgorzelec.eu\/index.php?rest_route=%2Fwp%2Fv2%2Ftags&post=4733"}],"curies":[{"name":"wp","href":"https:\/\/api.w.org\/{rel}","templated":true}]}}