{"id":5146,"date":"2026-03-01T21:17:41","date_gmt":"2026-03-01T20:17:41","guid":{"rendered":"https:\/\/soswzgorzelec.eu\/?p=5146"},"modified":"2026-03-01T21:19:39","modified_gmt":"2026-03-01T20:19:39","slug":"integracja-poprzez-sport-olimpiada-swietlicowa","status":"publish","type":"post","link":"https:\/\/soswzgorzelec.eu\/?p=5146","title":{"rendered":",,Integracja poprzez sport\u201d-Olimpiada \u015bwietlicowa."},"content":{"rendered":"\n<p class=\"wp-block-paragraph\">25.02.2026r.-w ramach realizacji programu ,, Integracja poprzez sport\u201d, odby\u0142 si\u0119 turniej wiedzy o dyscyplinach sportowych pomi\u0119dzy wychowankami plac\u00f3wek Specjalnym O\u015brodkiem Szkolno-Wychowawczym im. Marii Grzegorzewskiej, a M\u0142odzie\u017cowym O\u015brodkiem Socjoterapii im. Janusza Korczaka. G\u0142\u00f3wnym celem wydarzenia by\u0142o poszerzenie wiedzy wychowank\u00f3w na temat r\u00f3\u017cnych dyscyplin sportowych, kszta\u0142towanie postawy zdrowej rywalizacji, rozwijanie zainteresowa\u0144 sportem oraz wzmacnianie wsp\u00f3\u0142pracy i integracji pomi\u0119dzy wychowankami obu plac\u00f3wek. Turniej mia\u0142 form\u0119 konkursu testowego. Uczestnicy zostali podzieleni na grupy zaznaczaj\u0105c prawid\u0142owe odpowiedzi na przygotowanych kartach pracy zawieraj\u0105cych zestaw pyta\u0144 z zakresu wiedzy o sporcie. Pytania by\u0142y r\u00f3wnolegle prezentowane przez organizator\u00f3w\u00a0w formie prezentacji multimedialnej, co umo\u017cliwia\u0142o uczestnikom bie\u017c\u0105ce \u015bledzenie tre\u015bci zada\u0144 oraz sprzyja\u0142o przejrzystej organizacji przebiegu konkursu. Wychowankowie wykazali du\u017ce zaanga\u017cowanie, skupienie oraz ch\u0119\u0107 aktywnego udzia\u0142u w rywalizacji. Konkurs przebiega\u0142 w atmosferze \u017cyczliwo\u015bci i wzajemnego wsparcia, zachowaniem zasad fair play. Realizacja turnieju przyczyni\u0142a si\u0119 do rozwijania kompetencji poznawczych uczestnik\u00f3w, wzmacniania ich motywacji do poszerzania wiedzy oraz budowania relacji r\u00f3wie\u015bniczych. Miejsce pi\u0105te i sz\u00f3ste zaj\u0119\u0142a nasza reprezentacja Specjalnego O\u015brodka Szkolno-Wychowawczego im. Marii Grzegorzewskiej. Wszystkim uczestnikom grup wr\u0119czono pami\u0105tkowe dyplomy jako wyraz uznania za udzia\u0142 i zaanga\u017cowanie. Organizatorzy przygotowali r\u00f3wnie\u017c s\u0142odki pocz\u0119stunek, kt\u00f3ry by\u0142 okazj\u0105 do wsp\u00f3lnych rozm\u00f3w i podsumowania turnieju. Wydarzenie spe\u0142ni\u0142o cele edukacyjne i integracyjne, a uczestnicy wyrazili ch\u0119\u0107 udzia\u0142u w kolejnych edycjach programu.<\/p>\n\n\n\n<p class=\"wp-block-paragraph\">Na koniec kapitan Rados\u0142aw Wilgocki reprezentuj\u0105c Specjalny O\u015brodek Szkolno-Wychowawczy im. Marii Grzegorzewskiej zaprosi\u0142 r\u00f3wie\u015bnik\u00f3w z MOS-u na turniej tenisa sto\u0142owego. Wszystkim zawodnikom gratulujemy sportowej postawy i wielkiego ducha walki.<\/p>\n\n\n\n<p class=\"wp-block-paragraph\"><strong><em>Dzi\u0119kujemy organizatorom za zaproszenie i liczymy na dalsz\u0105 wsp\u00f3\u0142prac\u0119.<\/em><\/strong><\/p>\n\n\n\n<p class=\"wp-block-paragraph\"><strong><em>Opiekun grupy:<\/em><\/strong><\/p>\n\n\n\n<p class=\"wp-block-paragraph\"><strong><em>Marcin Szarzy\u0144ski<\/em><\/strong><\/p>\n\n\n\n<figure class=\"wp-block-gallery has-nested-images columns-default is-cropped wp-block-gallery-1 is-layout-flex wp-block-gallery-is-layout-flex\">\n<figure class=\"wp-block-image size-large\"><img fetchpriority=\"high\" decoding=\"async\" width=\"384\" height=\"512\" data-id=\"5147\" src=\"https:\/\/soswzgorzelec.eu\/wp-content\/uploads\/2026\/03\/2026-02-26-001-409.jpg\" alt=\"\" class=\"wp-image-5147\" srcset=\"https:\/\/soswzgorzelec.eu\/wp-content\/uploads\/2026\/03\/2026-02-26-001-409.jpg 384w, https:\/\/soswzgorzelec.eu\/wp-content\/uploads\/2026\/03\/2026-02-26-001-409-225x300.jpg 225w\" sizes=\"(max-width: 384px) 100vw, 384px\" \/><\/figure>\n\n\n\n<figure class=\"wp-block-image size-large\"><img decoding=\"async\" width=\"512\" height=\"384\" data-id=\"5148\" src=\"https:\/\/soswzgorzelec.eu\/wp-content\/uploads\/2026\/03\/2026-02-26-001-417.jpg\" alt=\"\" class=\"wp-image-5148\" srcset=\"https:\/\/soswzgorzelec.eu\/wp-content\/uploads\/2026\/03\/2026-02-26-001-417.jpg 512w, https:\/\/soswzgorzelec.eu\/wp-content\/uploads\/2026\/03\/2026-02-26-001-417-300x225.jpg 300w\" sizes=\"(max-width: 512px) 100vw, 512px\" \/><\/figure>\n\n\n\n<figure class=\"wp-block-image size-large\"><img decoding=\"async\" width=\"384\" height=\"512\" data-id=\"5152\" src=\"https:\/\/soswzgorzelec.eu\/wp-content\/uploads\/2026\/03\/2026-02-26-001-479.jpg\" alt=\"\" class=\"wp-image-5152\" srcset=\"https:\/\/soswzgorzelec.eu\/wp-content\/uploads\/2026\/03\/2026-02-26-001-479.jpg 384w, https:\/\/soswzgorzelec.eu\/wp-content\/uploads\/2026\/03\/2026-02-26-001-479-225x300.jpg 225w\" sizes=\"(max-width: 384px) 100vw, 384px\" \/><\/figure>\n\n\n\n<figure class=\"wp-block-image size-large\"><img loading=\"lazy\" decoding=\"async\" width=\"1024\" height=\"768\" data-id=\"5151\" src=\"https:\/\/soswzgorzelec.eu\/wp-content\/uploads\/2026\/03\/2026-02-26-001-521-1024x768.jpg\" alt=\"\" class=\"wp-image-5151\" srcset=\"https:\/\/soswzgorzelec.eu\/wp-content\/uploads\/2026\/03\/2026-02-26-001-521-1024x768.jpg 1024w, https:\/\/soswzgorzelec.eu\/wp-content\/uploads\/2026\/03\/2026-02-26-001-521-300x225.jpg 300w, https:\/\/soswzgorzelec.eu\/wp-content\/uploads\/2026\/03\/2026-02-26-001-521-768x576.jpg 768w, https:\/\/soswzgorzelec.eu\/wp-content\/uploads\/2026\/03\/2026-02-26-001-521-1536x1152.jpg 1536w, https:\/\/soswzgorzelec.eu\/wp-content\/uploads\/2026\/03\/2026-02-26-001-521.jpg 1600w\" sizes=\"(max-width: 1024px) 100vw, 1024px\" \/><\/figure>\n\n\n\n<figure class=\"wp-block-image size-large\"><img loading=\"lazy\" decoding=\"async\" width=\"1024\" height=\"768\" data-id=\"5153\" src=\"https:\/\/soswzgorzelec.eu\/wp-content\/uploads\/2026\/03\/2026-02-26-001-522-1024x768.jpg\" alt=\"\" class=\"wp-image-5153\" srcset=\"https:\/\/soswzgorzelec.eu\/wp-content\/uploads\/2026\/03\/2026-02-26-001-522-1024x768.jpg 1024w, https:\/\/soswzgorzelec.eu\/wp-content\/uploads\/2026\/03\/2026-02-26-001-522-300x225.jpg 300w, https:\/\/soswzgorzelec.eu\/wp-content\/uploads\/2026\/03\/2026-02-26-001-522-768x576.jpg 768w, https:\/\/soswzgorzelec.eu\/wp-content\/uploads\/2026\/03\/2026-02-26-001-522-1536x1152.jpg 1536w, https:\/\/soswzgorzelec.eu\/wp-content\/uploads\/2026\/03\/2026-02-26-001-522.jpg 1600w\" sizes=\"(max-width: 1024px) 100vw, 1024px\" \/><\/figure>\n\n\n\n<figure class=\"wp-block-image size-large\"><img loading=\"lazy\" decoding=\"async\" width=\"1024\" height=\"768\" data-id=\"5149\" src=\"https:\/\/soswzgorzelec.eu\/wp-content\/uploads\/2026\/03\/2026-02-26-001-525-1024x768.jpg\" alt=\"\" class=\"wp-image-5149\" srcset=\"https:\/\/soswzgorzelec.eu\/wp-content\/uploads\/2026\/03\/2026-02-26-001-525-1024x768.jpg 1024w, https:\/\/soswzgorzelec.eu\/wp-content\/uploads\/2026\/03\/2026-02-26-001-525-300x225.jpg 300w, https:\/\/soswzgorzelec.eu\/wp-content\/uploads\/2026\/03\/2026-02-26-001-525-768x576.jpg 768w, https:\/\/soswzgorzelec.eu\/wp-content\/uploads\/2026\/03\/2026-02-26-001-525-1536x1152.jpg 1536w, https:\/\/soswzgorzelec.eu\/wp-content\/uploads\/2026\/03\/2026-02-26-001-525.jpg 1600w\" sizes=\"(max-width: 1024px) 100vw, 1024px\" \/><\/figure>\n\n\n\n<figure class=\"wp-block-image size-large\"><img loading=\"lazy\" decoding=\"async\" width=\"1024\" height=\"768\" data-id=\"5150\" src=\"https:\/\/soswzgorzelec.eu\/wp-content\/uploads\/2026\/03\/2026-02-26-001-526-1024x768.jpg\" alt=\"\" class=\"wp-image-5150\" srcset=\"https:\/\/soswzgorzelec.eu\/wp-content\/uploads\/2026\/03\/2026-02-26-001-526-1024x768.jpg 1024w, https:\/\/soswzgorzelec.eu\/wp-content\/uploads\/2026\/03\/2026-02-26-001-526-300x225.jpg 300w, https:\/\/soswzgorzelec.eu\/wp-content\/uploads\/2026\/03\/2026-02-26-001-526-768x576.jpg 768w, https:\/\/soswzgorzelec.eu\/wp-content\/uploads\/2026\/03\/2026-02-26-001-526-1536x1152.jpg 1536w, https:\/\/soswzgorzelec.eu\/wp-content\/uploads\/2026\/03\/2026-02-26-001-526.jpg 1600w\" sizes=\"(max-width: 1024px) 100vw, 1024px\" \/><\/figure>\n<\/figure>\n","protected":false},"excerpt":{"rendered":"<p>25.02.2026r.-w ramach realizacji programu ,, Integracja poprzez sport\u201d, odby\u0142 si\u0119 turniej wiedzy o dyscyplinach sportowych pomi\u0119dzy wychowankami plac\u00f3wek Specjalnym O\u015brodkiem Szkolno-Wychowawczym im. Marii Grzegorzewskiej, a M\u0142odzie\u017cowym O\u015brodkiem Socjoterapii im. Janusza Korczaka. G\u0142\u00f3wnym celem wydarzenia&#46;&#46;&#46;<\/p>\n","protected":false},"author":2,"featured_media":5151,"comment_status":"closed","ping_status":"closed","sticky":false,"template":"","format":"standard","meta":{"footnotes":""},"categories":[65],"tags":[],"class_list":["post-5146","post","type-post","status-publish","format-standard","has-post-thumbnail","hentry","category-internatwiesci"],"yoast_head":"<!-- This site is optimized with the Yoast SEO plugin v28.4 - https:\/\/yoast.com\/product\/yoast-seo-wordpress\/ -->\n<title>,,Integracja poprzez sport\u201d-Olimpiada \u015bwietlicowa. - Specjalny O\u015brodek Szkolno-Wychowawczy im. Marii Grzegorzewskiej w Zgorzelcu<\/title>\n<meta name=\"robots\" content=\"index, follow, max-snippet:-1, max-image-preview:large, max-video-preview:-1\" \/>\n<link rel=\"canonical\" href=\"https:\/\/soswzgorzelec.eu\/?p=5146\" \/>\n<meta property=\"og:locale\" content=\"pl_PL\" \/>\n<meta property=\"og:type\" content=\"article\" \/>\n<meta property=\"og:title\" content=\",,Integracja poprzez sport\u201d-Olimpiada \u015bwietlicowa. - Specjalny O\u015brodek Szkolno-Wychowawczy im. Marii Grzegorzewskiej w Zgorzelcu\" \/>\n<meta property=\"og:description\" content=\"25.02.2026r.-w ramach realizacji programu ,, Integracja poprzez sport\u201d, odby\u0142 si\u0119 turniej wiedzy o dyscyplinach sportowych pomi\u0119dzy wychowankami plac\u00f3wek Specjalnym O\u015brodkiem Szkolno-Wychowawczym im. Marii Grzegorzewskiej, a M\u0142odzie\u017cowym O\u015brodkiem Socjoterapii im. Janusza Korczaka. G\u0142\u00f3wnym celem wydarzenia&#046;&#046;&#046;\" \/>\n<meta property=\"og:url\" content=\"https:\/\/soswzgorzelec.eu\/?p=5146\" \/>\n<meta property=\"og:site_name\" content=\"Specjalny O\u015brodek Szkolno-Wychowawczy im. Marii Grzegorzewskiej w Zgorzelcu\" \/>\n<meta property=\"article:publisher\" content=\"https:\/\/www.facebook.com\/SOSW-im-Marii-Grzegorzewskiej-w-Zgorzelcu-276506309055391\" \/>\n<meta property=\"article:published_time\" content=\"2026-03-01T20:17:41+00:00\" \/>\n<meta property=\"article:modified_time\" content=\"2026-03-01T20:19:39+00:00\" \/>\n<meta property=\"og:image\" content=\"https:\/\/soswzgorzelec.eu\/wp-content\/uploads\/2026\/03\/2026-02-26-001-521.jpg\" \/>\n\t<meta property=\"og:image:width\" content=\"1600\" \/>\n\t<meta property=\"og:image:height\" content=\"1200\" \/>\n\t<meta property=\"og:image:type\" content=\"image\/jpeg\" \/>\n<meta name=\"author\" content=\"redaktor\" \/>\n<meta name=\"twitter:card\" content=\"summary_large_image\" \/>\n<meta name=\"twitter:label1\" content=\"Napisane przez\" \/>\n\t<meta name=\"twitter:data1\" content=\"redaktor\" \/>\n\t<meta name=\"twitter:label2\" content=\"Szacowany czas czytania\" \/>\n\t<meta name=\"twitter:data2\" content=\"4 minuty\" \/>\n<script type=\"application\/ld+json\" class=\"yoast-schema-graph\">{\"@context\":\"https:\\\/\\\/schema.org\",\"@graph\":[{\"@type\":\"Article\",\"@id\":\"https:\\\/\\\/soswzgorzelec.eu\\\/?p=5146#article\",\"isPartOf\":{\"@id\":\"https:\\\/\\\/soswzgorzelec.eu\\\/?p=5146\"},\"author\":{\"name\":\"redaktor\",\"@id\":\"https:\\\/\\\/soswzgorzelec.eu\\\/#\\\/schema\\\/person\\\/1a89c9429568b5e9faaab23db7c368cc\"},\"headline\":\",,Integracja poprzez sport\u201d-Olimpiada \u015bwietlicowa.\",\"datePublished\":\"2026-03-01T20:17:41+00:00\",\"dateModified\":\"2026-03-01T20:19:39+00:00\",\"mainEntityOfPage\":{\"@id\":\"https:\\\/\\\/soswzgorzelec.eu\\\/?p=5146\"},\"wordCount\":310,\"publisher\":{\"@id\":\"https:\\\/\\\/soswzgorzelec.eu\\\/#organization\"},\"image\":{\"@id\":\"https:\\\/\\\/soswzgorzelec.eu\\\/?p=5146#primaryimage\"},\"thumbnailUrl\":\"https:\\\/\\\/soswzgorzelec.eu\\\/wp-content\\\/uploads\\\/2026\\\/03\\\/2026-02-26-001-521.jpg\",\"articleSection\":[\"InternatNews\"],\"inLanguage\":\"pl-PL\"},{\"@type\":\"WebPage\",\"@id\":\"https:\\\/\\\/soswzgorzelec.eu\\\/?p=5146\",\"url\":\"https:\\\/\\\/soswzgorzelec.eu\\\/?p=5146\",\"name\":\",,Integracja poprzez sport\u201d-Olimpiada \u015bwietlicowa. - Specjalny O\u015brodek Szkolno-Wychowawczy im. Marii Grzegorzewskiej w Zgorzelcu\",\"isPartOf\":{\"@id\":\"https:\\\/\\\/soswzgorzelec.eu\\\/#website\"},\"primaryImageOfPage\":{\"@id\":\"https:\\\/\\\/soswzgorzelec.eu\\\/?p=5146#primaryimage\"},\"image\":{\"@id\":\"https:\\\/\\\/soswzgorzelec.eu\\\/?p=5146#primaryimage\"},\"thumbnailUrl\":\"https:\\\/\\\/soswzgorzelec.eu\\\/wp-content\\\/uploads\\\/2026\\\/03\\\/2026-02-26-001-521.jpg\",\"datePublished\":\"2026-03-01T20:17:41+00:00\",\"dateModified\":\"2026-03-01T20:19:39+00:00\",\"breadcrumb\":{\"@id\":\"https:\\\/\\\/soswzgorzelec.eu\\\/?p=5146#breadcrumb\"},\"inLanguage\":\"pl-PL\",\"potentialAction\":[{\"@type\":\"ReadAction\",\"target\":[\"https:\\\/\\\/soswzgorzelec.eu\\\/?p=5146\"]}]},{\"@type\":\"ImageObject\",\"inLanguage\":\"pl-PL\",\"@id\":\"https:\\\/\\\/soswzgorzelec.eu\\\/?p=5146#primaryimage\",\"url\":\"https:\\\/\\\/soswzgorzelec.eu\\\/wp-content\\\/uploads\\\/2026\\\/03\\\/2026-02-26-001-521.jpg\",\"contentUrl\":\"https:\\\/\\\/soswzgorzelec.eu\\\/wp-content\\\/uploads\\\/2026\\\/03\\\/2026-02-26-001-521.jpg\",\"width\":1600,\"height\":1200,\"caption\":\"Integracja poprzez sport\u201d-Olimpiada \u015bwietlicowa.\"},{\"@type\":\"BreadcrumbList\",\"@id\":\"https:\\\/\\\/soswzgorzelec.eu\\\/?p=5146#breadcrumb\",\"itemListElement\":[{\"@type\":\"ListItem\",\"position\":1,\"name\":\"Strona g\u0142\u00f3wna\",\"item\":\"https:\\\/\\\/soswzgorzelec.eu\\\/\"},{\"@type\":\"ListItem\",\"position\":2,\"name\":\",,Integracja poprzez sport\u201d-Olimpiada \u015bwietlicowa.\"}]},{\"@type\":\"WebSite\",\"@id\":\"https:\\\/\\\/soswzgorzelec.eu\\\/#website\",\"url\":\"https:\\\/\\\/soswzgorzelec.eu\\\/\",\"name\":\"Specjalny O\u015brodek Szkolno - Wychowawczy im.Marii Grzegorzewskiej w Zgorzelcu\",\"description\":\"SOSW im. Marii Grzegorzewskiej w Zgorzelcu\",\"publisher\":{\"@id\":\"https:\\\/\\\/soswzgorzelec.eu\\\/#organization\"},\"potentialAction\":[{\"@type\":\"SearchAction\",\"target\":{\"@type\":\"EntryPoint\",\"urlTemplate\":\"https:\\\/\\\/soswzgorzelec.eu\\\/?s={search_term_string}\"},\"query-input\":{\"@type\":\"PropertyValueSpecification\",\"valueRequired\":true,\"valueName\":\"search_term_string\"}}],\"inLanguage\":\"pl-PL\"},{\"@type\":\"Organization\",\"@id\":\"https:\\\/\\\/soswzgorzelec.eu\\\/#organization\",\"name\":\"Specjalny O\u015brodek Szkolno Wychowawczy im. Marii Grzegorzewskiej w Zgorzelcu\",\"url\":\"https:\\\/\\\/soswzgorzelec.eu\\\/\",\"logo\":{\"@type\":\"ImageObject\",\"inLanguage\":\"pl-PL\",\"@id\":\"https:\\\/\\\/soswzgorzelec.eu\\\/#\\\/schema\\\/logo\\\/image\\\/\",\"url\":\"https:\\\/\\\/soswzgorzelec.eu\\\/wp-content\\\/uploads\\\/2020\\\/10\\\/cropped-header-object.png\",\"contentUrl\":\"https:\\\/\\\/soswzgorzelec.eu\\\/wp-content\\\/uploads\\\/2020\\\/10\\\/cropped-header-object.png\",\"width\":973,\"height\":278,\"caption\":\"Specjalny O\u015brodek Szkolno Wychowawczy im. Marii Grzegorzewskiej w Zgorzelcu\"},\"image\":{\"@id\":\"https:\\\/\\\/soswzgorzelec.eu\\\/#\\\/schema\\\/logo\\\/image\\\/\"},\"sameAs\":[\"https:\\\/\\\/www.facebook.com\\\/SOSW-im-Marii-Grzegorzewskiej-w-Zgorzelcu-276506309055391\"]},{\"@type\":\"Person\",\"@id\":\"https:\\\/\\\/soswzgorzelec.eu\\\/#\\\/schema\\\/person\\\/1a89c9429568b5e9faaab23db7c368cc\",\"name\":\"redaktor\",\"image\":{\"@type\":\"ImageObject\",\"inLanguage\":\"pl-PL\",\"@id\":\"https:\\\/\\\/secure.gravatar.com\\\/avatar\\\/662a75ae97d3e694f064ce83d50568934a641b852dc7c0842b6c2746c0a4d4a6?s=96&d=mm&r=g\",\"url\":\"https:\\\/\\\/secure.gravatar.com\\\/avatar\\\/662a75ae97d3e694f064ce83d50568934a641b852dc7c0842b6c2746c0a4d4a6?s=96&d=mm&r=g\",\"contentUrl\":\"https:\\\/\\\/secure.gravatar.com\\\/avatar\\\/662a75ae97d3e694f064ce83d50568934a641b852dc7c0842b6c2746c0a4d4a6?s=96&d=mm&r=g\",\"caption\":\"redaktor\"},\"url\":\"https:\\\/\\\/soswzgorzelec.eu\\\/?author=2\"}]}<\/script>\n<!-- \/ Yoast SEO plugin. -->","yoast_head_json":{"title":",,Integracja poprzez sport\u201d-Olimpiada \u015bwietlicowa. - Specjalny O\u015brodek Szkolno-Wychowawczy im. Marii Grzegorzewskiej w Zgorzelcu","robots":{"index":"index","follow":"follow","max-snippet":"max-snippet:-1","max-image-preview":"max-image-preview:large","max-video-preview":"max-video-preview:-1"},"canonical":"https:\/\/soswzgorzelec.eu\/?p=5146","og_locale":"pl_PL","og_type":"article","og_title":",,Integracja poprzez sport\u201d-Olimpiada \u015bwietlicowa. - Specjalny O\u015brodek Szkolno-Wychowawczy im. Marii Grzegorzewskiej w Zgorzelcu","og_description":"25.02.2026r.-w ramach realizacji programu ,, Integracja poprzez sport\u201d, odby\u0142 si\u0119 turniej wiedzy o dyscyplinach sportowych pomi\u0119dzy wychowankami plac\u00f3wek Specjalnym O\u015brodkiem Szkolno-Wychowawczym im. Marii Grzegorzewskiej, a M\u0142odzie\u017cowym O\u015brodkiem Socjoterapii im. Janusza Korczaka. G\u0142\u00f3wnym celem wydarzenia&#46;&#46;&#46;","og_url":"https:\/\/soswzgorzelec.eu\/?p=5146","og_site_name":"Specjalny O\u015brodek Szkolno-Wychowawczy im. Marii Grzegorzewskiej w Zgorzelcu","article_publisher":"https:\/\/www.facebook.com\/SOSW-im-Marii-Grzegorzewskiej-w-Zgorzelcu-276506309055391","article_published_time":"2026-03-01T20:17:41+00:00","article_modified_time":"2026-03-01T20:19:39+00:00","og_image":[{"width":1600,"height":1200,"url":"https:\/\/soswzgorzelec.eu\/wp-content\/uploads\/2026\/03\/2026-02-26-001-521.jpg","type":"image\/jpeg"}],"author":"redaktor","twitter_card":"summary_large_image","twitter_misc":{"Napisane przez":"redaktor","Szacowany czas czytania":"4 minuty"},"schema":{"@context":"https:\/\/schema.org","@graph":[{"@type":"Article","@id":"https:\/\/soswzgorzelec.eu\/?p=5146#article","isPartOf":{"@id":"https:\/\/soswzgorzelec.eu\/?p=5146"},"author":{"name":"redaktor","@id":"https:\/\/soswzgorzelec.eu\/#\/schema\/person\/1a89c9429568b5e9faaab23db7c368cc"},"headline":",,Integracja poprzez sport\u201d-Olimpiada \u015bwietlicowa.","datePublished":"2026-03-01T20:17:41+00:00","dateModified":"2026-03-01T20:19:39+00:00","mainEntityOfPage":{"@id":"https:\/\/soswzgorzelec.eu\/?p=5146"},"wordCount":310,"publisher":{"@id":"https:\/\/soswzgorzelec.eu\/#organization"},"image":{"@id":"https:\/\/soswzgorzelec.eu\/?p=5146#primaryimage"},"thumbnailUrl":"https:\/\/soswzgorzelec.eu\/wp-content\/uploads\/2026\/03\/2026-02-26-001-521.jpg","articleSection":["InternatNews"],"inLanguage":"pl-PL"},{"@type":"WebPage","@id":"https:\/\/soswzgorzelec.eu\/?p=5146","url":"https:\/\/soswzgorzelec.eu\/?p=5146","name":",,Integracja poprzez sport\u201d-Olimpiada \u015bwietlicowa. - Specjalny O\u015brodek Szkolno-Wychowawczy im. Marii Grzegorzewskiej w Zgorzelcu","isPartOf":{"@id":"https:\/\/soswzgorzelec.eu\/#website"},"primaryImageOfPage":{"@id":"https:\/\/soswzgorzelec.eu\/?p=5146#primaryimage"},"image":{"@id":"https:\/\/soswzgorzelec.eu\/?p=5146#primaryimage"},"thumbnailUrl":"https:\/\/soswzgorzelec.eu\/wp-content\/uploads\/2026\/03\/2026-02-26-001-521.jpg","datePublished":"2026-03-01T20:17:41+00:00","dateModified":"2026-03-01T20:19:39+00:00","breadcrumb":{"@id":"https:\/\/soswzgorzelec.eu\/?p=5146#breadcrumb"},"inLanguage":"pl-PL","potentialAction":[{"@type":"ReadAction","target":["https:\/\/soswzgorzelec.eu\/?p=5146"]}]},{"@type":"ImageObject","inLanguage":"pl-PL","@id":"https:\/\/soswzgorzelec.eu\/?p=5146#primaryimage","url":"https:\/\/soswzgorzelec.eu\/wp-content\/uploads\/2026\/03\/2026-02-26-001-521.jpg","contentUrl":"https:\/\/soswzgorzelec.eu\/wp-content\/uploads\/2026\/03\/2026-02-26-001-521.jpg","width":1600,"height":1200,"caption":"Integracja poprzez sport\u201d-Olimpiada \u015bwietlicowa."},{"@type":"BreadcrumbList","@id":"https:\/\/soswzgorzelec.eu\/?p=5146#breadcrumb","itemListElement":[{"@type":"ListItem","position":1,"name":"Strona g\u0142\u00f3wna","item":"https:\/\/soswzgorzelec.eu\/"},{"@type":"ListItem","position":2,"name":",,Integracja poprzez sport\u201d-Olimpiada \u015bwietlicowa."}]},{"@type":"WebSite","@id":"https:\/\/soswzgorzelec.eu\/#website","url":"https:\/\/soswzgorzelec.eu\/","name":"Specjalny O\u015brodek Szkolno - Wychowawczy im.Marii Grzegorzewskiej w Zgorzelcu","description":"SOSW im. Marii Grzegorzewskiej w Zgorzelcu","publisher":{"@id":"https:\/\/soswzgorzelec.eu\/#organization"},"potentialAction":[{"@type":"SearchAction","target":{"@type":"EntryPoint","urlTemplate":"https:\/\/soswzgorzelec.eu\/?s={search_term_string}"},"query-input":{"@type":"PropertyValueSpecification","valueRequired":true,"valueName":"search_term_string"}}],"inLanguage":"pl-PL"},{"@type":"Organization","@id":"https:\/\/soswzgorzelec.eu\/#organization","name":"Specjalny O\u015brodek Szkolno Wychowawczy im. Marii Grzegorzewskiej w Zgorzelcu","url":"https:\/\/soswzgorzelec.eu\/","logo":{"@type":"ImageObject","inLanguage":"pl-PL","@id":"https:\/\/soswzgorzelec.eu\/#\/schema\/logo\/image\/","url":"https:\/\/soswzgorzelec.eu\/wp-content\/uploads\/2020\/10\/cropped-header-object.png","contentUrl":"https:\/\/soswzgorzelec.eu\/wp-content\/uploads\/2020\/10\/cropped-header-object.png","width":973,"height":278,"caption":"Specjalny O\u015brodek Szkolno Wychowawczy im. Marii Grzegorzewskiej w Zgorzelcu"},"image":{"@id":"https:\/\/soswzgorzelec.eu\/#\/schema\/logo\/image\/"},"sameAs":["https:\/\/www.facebook.com\/SOSW-im-Marii-Grzegorzewskiej-w-Zgorzelcu-276506309055391"]},{"@type":"Person","@id":"https:\/\/soswzgorzelec.eu\/#\/schema\/person\/1a89c9429568b5e9faaab23db7c368cc","name":"redaktor","image":{"@type":"ImageObject","inLanguage":"pl-PL","@id":"https:\/\/secure.gravatar.com\/avatar\/662a75ae97d3e694f064ce83d50568934a641b852dc7c0842b6c2746c0a4d4a6?s=96&d=mm&r=g","url":"https:\/\/secure.gravatar.com\/avatar\/662a75ae97d3e694f064ce83d50568934a641b852dc7c0842b6c2746c0a4d4a6?s=96&d=mm&r=g","contentUrl":"https:\/\/secure.gravatar.com\/avatar\/662a75ae97d3e694f064ce83d50568934a641b852dc7c0842b6c2746c0a4d4a6?s=96&d=mm&r=g","caption":"redaktor"},"url":"https:\/\/soswzgorzelec.eu\/?author=2"}]}},"_links":{"self":[{"href":"https:\/\/soswzgorzelec.eu\/index.php?rest_route=\/wp\/v2\/posts\/5146","targetHints":{"allow":["GET"]}}],"collection":[{"href":"https:\/\/soswzgorzelec.eu\/index.php?rest_route=\/wp\/v2\/posts"}],"about":[{"href":"https:\/\/soswzgorzelec.eu\/index.php?rest_route=\/wp\/v2\/types\/post"}],"author":[{"embeddable":true,"href":"https:\/\/soswzgorzelec.eu\/index.php?rest_route=\/wp\/v2\/users\/2"}],"replies":[{"embeddable":true,"href":"https:\/\/soswzgorzelec.eu\/index.php?rest_route=%2Fwp%2Fv2%2Fcomments&post=5146"}],"version-history":[{"count":2,"href":"https:\/\/soswzgorzelec.eu\/index.php?rest_route=\/wp\/v2\/posts\/5146\/revisions"}],"predecessor-version":[{"id":5155,"href":"https:\/\/soswzgorzelec.eu\/index.php?rest_route=\/wp\/v2\/posts\/5146\/revisions\/5155"}],"wp:featuredmedia":[{"embeddable":true,"href":"https:\/\/soswzgorzelec.eu\/index.php?rest_route=\/wp\/v2\/media\/5151"}],"wp:attachment":[{"href":"https:\/\/soswzgorzelec.eu\/index.php?rest_route=%2Fwp%2Fv2%2Fmedia&parent=5146"}],"wp:term":[{"taxonomy":"category","embeddable":true,"href":"https:\/\/soswzgorzelec.eu\/index.php?rest_route=%2Fwp%2Fv2%2Fcategories&post=5146"},{"taxonomy":"post_tag","embeddable":true,"href":"https:\/\/soswzgorzelec.eu\/index.php?rest_route=%2Fwp%2Fv2%2Ftags&post=5146"}],"curies":[{"name":"wp","href":"https:\/\/api.w.org\/{rel}","templated":true}]}}