{"id":5222,"date":"2026-04-22T13:51:22","date_gmt":"2026-04-22T11:51:22","guid":{"rendered":"https:\/\/soswzgorzelec.eu\/?p=5222"},"modified":"2026-04-22T13:55:01","modified_gmt":"2026-04-22T11:55:01","slug":"przygotowanie-zdrowych-i-wesolych-kanapek","status":"publish","type":"post","link":"https:\/\/soswzgorzelec.eu\/?p=5222","title":{"rendered":"Przygotowanie zdrowych i weso\u0142ych kanapek"},"content":{"rendered":"\n<p class=\"wp-block-paragraph\">1 kwietnia 2026 roku w \u015bwietlicy szkolnej odby\u0142y si\u0119 zaj\u0119cia kulinarne, podczas kt\u00f3rych uczniowie mieli okazj\u0119 przygotowa\u0107 w\u0142asne zdrowe kanapki. Celem spotkania by\u0142o promowanie zasad zdrowego od\u017cywiania oraz rozwijanie kreatywno\u015bci i samodzielno\u015bci dzieci.<\/p>\n\n\n\n<p class=\"wp-block-paragraph\">Na pocz\u0105tku zaj\u0119\u0107 wychowawca kr\u00f3tko om\u00f3wi\u0142, czym jest zdrowa \u017cywno\u015b\u0107 i dlaczego warto wybiera\u0107 produkty bogate w witaminy i sk\u0142adniki od\u017cywcze. Uczniowie poznali r\u00f3\u017cne rodzaje pieczywa, warzyw oraz dodatk\u00f3w, kt\u00f3re mo\u017cna wykorzysta\u0107 do przygotowania pe\u0142nowarto\u015bciowych posi\u0142k\u00f3w. Nast\u0119pnie dzieci przyst\u0105pi\u0142y do pracy. Na sto\u0142ach pojawi\u0142y si\u0119 \u015bwie\u017ce warzywa, takie jak pomidory, og\u00f3rki, papryka, sa\u0142ata, a tak\u017ce sery, jajka i pasty kanapkowe. Uczniowie z du\u017cym zaanga\u017cowaniem komponowali swoje kanapki, dbaj\u0105c nie tylko o smak, ale r\u00f3wnie\u017c o ich wygl\u0105d. Powsta\u0142y kolorowe i \u201eweso\u0142e\u201d kompozycje. Zaj\u0119cia przebieg\u0142y w mi\u0142ej i radosnej atmosferze. Dzieci ch\u0119tnie wsp\u00f3\u0142pracowa\u0142y, dzieli\u0142y si\u0119 pomys\u0142ami i z dum\u0105 prezentowa\u0142y swoje prace. Na zako\u0144czenie wszyscy wsp\u00f3lnie zasiedli do degustacji przygotowanych kanapek.<\/p>\n\n\n\n<p class=\"wp-block-paragraph\">Zaj\u0119cia by\u0142y nie tylko dobr\u0105 zabaw\u0105, ale tak\u017ce cenn\u0105 lekcj\u0105 zdrowego stylu \u017cycia.<\/p>\n\n\n\n<figure class=\"wp-block-video\"><video height=\"850\" style=\"aspect-ratio: 478 \/ 850;\" width=\"478\" controls muted src=\"https:\/\/soswzgorzelec.eu\/wp-content\/uploads\/2026\/04\/VID-20260401-WA0004.mp4\" playsinline><\/video><\/figure>\n","protected":false},"excerpt":{"rendered":"<p>1 kwietnia 2026 roku w \u015bwietlicy szkolnej odby\u0142y si\u0119 zaj\u0119cia kulinarne, podczas kt\u00f3rych uczniowie mieli okazj\u0119 przygotowa\u0107 w\u0142asne zdrowe kanapki. Celem spotkania by\u0142o promowanie zasad zdrowego od\u017cywiania oraz rozwijanie kreatywno\u015bci i samodzielno\u015bci dzieci. Na&#46;&#46;&#46;<\/p>\n","protected":false},"author":2,"featured_media":5225,"comment_status":"closed","ping_status":"closed","sticky":false,"template":"","format":"standard","meta":{"footnotes":""},"categories":[6],"tags":[],"class_list":["post-5222","post","type-post","status-publish","format-standard","has-post-thumbnail","hentry","category-aktualnosci-szkolne-nowosci-ze-sosw"],"yoast_head":"<!-- This site is optimized with the Yoast SEO plugin v28.4 - https:\/\/yoast.com\/product\/yoast-seo-wordpress\/ -->\n<title>Przygotowanie zdrowych i weso\u0142ych kanapek - Specjalny O\u015brodek Szkolno-Wychowawczy im. Marii Grzegorzewskiej w Zgorzelcu<\/title>\n<meta name=\"robots\" content=\"index, follow, max-snippet:-1, max-image-preview:large, max-video-preview:-1\" \/>\n<link rel=\"canonical\" href=\"https:\/\/soswzgorzelec.eu\/?p=5222\" \/>\n<meta property=\"og:locale\" content=\"pl_PL\" \/>\n<meta property=\"og:type\" content=\"article\" \/>\n<meta property=\"og:title\" content=\"Przygotowanie zdrowych i weso\u0142ych kanapek - Specjalny O\u015brodek Szkolno-Wychowawczy im. Marii Grzegorzewskiej w Zgorzelcu\" \/>\n<meta property=\"og:description\" content=\"1 kwietnia 2026 roku w \u015bwietlicy szkolnej odby\u0142y si\u0119 zaj\u0119cia kulinarne, podczas kt\u00f3rych uczniowie mieli okazj\u0119 przygotowa\u0107 w\u0142asne zdrowe kanapki. Celem spotkania by\u0142o promowanie zasad zdrowego od\u017cywiania oraz rozwijanie kreatywno\u015bci i samodzielno\u015bci dzieci. Na&#046;&#046;&#046;\" \/>\n<meta property=\"og:url\" content=\"https:\/\/soswzgorzelec.eu\/?p=5222\" \/>\n<meta property=\"og:site_name\" content=\"Specjalny O\u015brodek Szkolno-Wychowawczy im. Marii Grzegorzewskiej w Zgorzelcu\" \/>\n<meta property=\"article:publisher\" content=\"https:\/\/www.facebook.com\/SOSW-im-Marii-Grzegorzewskiej-w-Zgorzelcu-276506309055391\" \/>\n<meta property=\"article:published_time\" content=\"2026-04-22T11:51:22+00:00\" \/>\n<meta property=\"article:modified_time\" content=\"2026-04-22T11:55:01+00:00\" \/>\n<meta property=\"og:image\" content=\"https:\/\/soswzgorzelec.eu\/wp-content\/uploads\/2026\/04\/kanapka.png\" \/>\n\t<meta property=\"og:image:width\" content=\"380\" \/>\n\t<meta property=\"og:image:height\" content=\"522\" \/>\n\t<meta property=\"og:image:type\" content=\"image\/png\" \/>\n<meta name=\"author\" content=\"redaktor\" \/>\n<meta name=\"twitter:card\" content=\"summary_large_image\" \/>\n<meta name=\"twitter:label1\" content=\"Napisane przez\" \/>\n\t<meta name=\"twitter:data1\" content=\"redaktor\" \/>\n\t<meta name=\"twitter:label2\" content=\"Szacowany czas czytania\" \/>\n\t<meta name=\"twitter:data2\" content=\"2 minuty\" \/>\n<script type=\"application\/ld+json\" class=\"yoast-schema-graph\">{\"@context\":\"https:\\\/\\\/schema.org\",\"@graph\":[{\"@type\":\"Article\",\"@id\":\"https:\\\/\\\/soswzgorzelec.eu\\\/?p=5222#article\",\"isPartOf\":{\"@id\":\"https:\\\/\\\/soswzgorzelec.eu\\\/?p=5222\"},\"author\":{\"name\":\"redaktor\",\"@id\":\"https:\\\/\\\/soswzgorzelec.eu\\\/#\\\/schema\\\/person\\\/1a89c9429568b5e9faaab23db7c368cc\"},\"headline\":\"Przygotowanie zdrowych i weso\u0142ych kanapek\",\"datePublished\":\"2026-04-22T11:51:22+00:00\",\"dateModified\":\"2026-04-22T11:55:01+00:00\",\"mainEntityOfPage\":{\"@id\":\"https:\\\/\\\/soswzgorzelec.eu\\\/?p=5222\"},\"wordCount\":211,\"publisher\":{\"@id\":\"https:\\\/\\\/soswzgorzelec.eu\\\/#organization\"},\"image\":{\"@id\":\"https:\\\/\\\/soswzgorzelec.eu\\\/?p=5222#primaryimage\"},\"thumbnailUrl\":\"https:\\\/\\\/soswzgorzelec.eu\\\/wp-content\\\/uploads\\\/2026\\\/04\\\/kanapka.png\",\"articleSection\":[\"Aktualno\u015bci szkolne\"],\"inLanguage\":\"pl-PL\"},{\"@type\":\"WebPage\",\"@id\":\"https:\\\/\\\/soswzgorzelec.eu\\\/?p=5222\",\"url\":\"https:\\\/\\\/soswzgorzelec.eu\\\/?p=5222\",\"name\":\"Przygotowanie zdrowych i weso\u0142ych kanapek - Specjalny O\u015brodek Szkolno-Wychowawczy im. Marii Grzegorzewskiej w Zgorzelcu\",\"isPartOf\":{\"@id\":\"https:\\\/\\\/soswzgorzelec.eu\\\/#website\"},\"primaryImageOfPage\":{\"@id\":\"https:\\\/\\\/soswzgorzelec.eu\\\/?p=5222#primaryimage\"},\"image\":{\"@id\":\"https:\\\/\\\/soswzgorzelec.eu\\\/?p=5222#primaryimage\"},\"thumbnailUrl\":\"https:\\\/\\\/soswzgorzelec.eu\\\/wp-content\\\/uploads\\\/2026\\\/04\\\/kanapka.png\",\"datePublished\":\"2026-04-22T11:51:22+00:00\",\"dateModified\":\"2026-04-22T11:55:01+00:00\",\"breadcrumb\":{\"@id\":\"https:\\\/\\\/soswzgorzelec.eu\\\/?p=5222#breadcrumb\"},\"inLanguage\":\"pl-PL\",\"potentialAction\":[{\"@type\":\"ReadAction\",\"target\":[\"https:\\\/\\\/soswzgorzelec.eu\\\/?p=5222\"]}]},{\"@type\":\"ImageObject\",\"inLanguage\":\"pl-PL\",\"@id\":\"https:\\\/\\\/soswzgorzelec.eu\\\/?p=5222#primaryimage\",\"url\":\"https:\\\/\\\/soswzgorzelec.eu\\\/wp-content\\\/uploads\\\/2026\\\/04\\\/kanapka.png\",\"contentUrl\":\"https:\\\/\\\/soswzgorzelec.eu\\\/wp-content\\\/uploads\\\/2026\\\/04\\\/kanapka.png\",\"width\":380,\"height\":522,\"caption\":\"kanapka\"},{\"@type\":\"BreadcrumbList\",\"@id\":\"https:\\\/\\\/soswzgorzelec.eu\\\/?p=5222#breadcrumb\",\"itemListElement\":[{\"@type\":\"ListItem\",\"position\":1,\"name\":\"Strona g\u0142\u00f3wna\",\"item\":\"https:\\\/\\\/soswzgorzelec.eu\\\/\"},{\"@type\":\"ListItem\",\"position\":2,\"name\":\"Przygotowanie zdrowych i weso\u0142ych kanapek\"}]},{\"@type\":\"WebSite\",\"@id\":\"https:\\\/\\\/soswzgorzelec.eu\\\/#website\",\"url\":\"https:\\\/\\\/soswzgorzelec.eu\\\/\",\"name\":\"Specjalny O\u015brodek Szkolno - Wychowawczy im.Marii Grzegorzewskiej w Zgorzelcu\",\"description\":\"SOSW im. Marii Grzegorzewskiej w Zgorzelcu\",\"publisher\":{\"@id\":\"https:\\\/\\\/soswzgorzelec.eu\\\/#organization\"},\"potentialAction\":[{\"@type\":\"SearchAction\",\"target\":{\"@type\":\"EntryPoint\",\"urlTemplate\":\"https:\\\/\\\/soswzgorzelec.eu\\\/?s={search_term_string}\"},\"query-input\":{\"@type\":\"PropertyValueSpecification\",\"valueRequired\":true,\"valueName\":\"search_term_string\"}}],\"inLanguage\":\"pl-PL\"},{\"@type\":\"Organization\",\"@id\":\"https:\\\/\\\/soswzgorzelec.eu\\\/#organization\",\"name\":\"Specjalny O\u015brodek Szkolno Wychowawczy im. Marii Grzegorzewskiej w Zgorzelcu\",\"url\":\"https:\\\/\\\/soswzgorzelec.eu\\\/\",\"logo\":{\"@type\":\"ImageObject\",\"inLanguage\":\"pl-PL\",\"@id\":\"https:\\\/\\\/soswzgorzelec.eu\\\/#\\\/schema\\\/logo\\\/image\\\/\",\"url\":\"https:\\\/\\\/soswzgorzelec.eu\\\/wp-content\\\/uploads\\\/2020\\\/10\\\/cropped-header-object.png\",\"contentUrl\":\"https:\\\/\\\/soswzgorzelec.eu\\\/wp-content\\\/uploads\\\/2020\\\/10\\\/cropped-header-object.png\",\"width\":973,\"height\":278,\"caption\":\"Specjalny O\u015brodek Szkolno Wychowawczy im. Marii Grzegorzewskiej w Zgorzelcu\"},\"image\":{\"@id\":\"https:\\\/\\\/soswzgorzelec.eu\\\/#\\\/schema\\\/logo\\\/image\\\/\"},\"sameAs\":[\"https:\\\/\\\/www.facebook.com\\\/SOSW-im-Marii-Grzegorzewskiej-w-Zgorzelcu-276506309055391\"]},{\"@type\":\"Person\",\"@id\":\"https:\\\/\\\/soswzgorzelec.eu\\\/#\\\/schema\\\/person\\\/1a89c9429568b5e9faaab23db7c368cc\",\"name\":\"redaktor\",\"image\":{\"@type\":\"ImageObject\",\"inLanguage\":\"pl-PL\",\"@id\":\"https:\\\/\\\/secure.gravatar.com\\\/avatar\\\/662a75ae97d3e694f064ce83d50568934a641b852dc7c0842b6c2746c0a4d4a6?s=96&d=mm&r=g\",\"url\":\"https:\\\/\\\/secure.gravatar.com\\\/avatar\\\/662a75ae97d3e694f064ce83d50568934a641b852dc7c0842b6c2746c0a4d4a6?s=96&d=mm&r=g\",\"contentUrl\":\"https:\\\/\\\/secure.gravatar.com\\\/avatar\\\/662a75ae97d3e694f064ce83d50568934a641b852dc7c0842b6c2746c0a4d4a6?s=96&d=mm&r=g\",\"caption\":\"redaktor\"},\"url\":\"https:\\\/\\\/soswzgorzelec.eu\\\/?author=2\"}]}<\/script>\n<!-- \/ Yoast SEO plugin. -->","yoast_head_json":{"title":"Przygotowanie zdrowych i weso\u0142ych kanapek - Specjalny O\u015brodek Szkolno-Wychowawczy im. Marii Grzegorzewskiej w Zgorzelcu","robots":{"index":"index","follow":"follow","max-snippet":"max-snippet:-1","max-image-preview":"max-image-preview:large","max-video-preview":"max-video-preview:-1"},"canonical":"https:\/\/soswzgorzelec.eu\/?p=5222","og_locale":"pl_PL","og_type":"article","og_title":"Przygotowanie zdrowych i weso\u0142ych kanapek - Specjalny O\u015brodek Szkolno-Wychowawczy im. Marii Grzegorzewskiej w Zgorzelcu","og_description":"1 kwietnia 2026 roku w \u015bwietlicy szkolnej odby\u0142y si\u0119 zaj\u0119cia kulinarne, podczas kt\u00f3rych uczniowie mieli okazj\u0119 przygotowa\u0107 w\u0142asne zdrowe kanapki. Celem spotkania by\u0142o promowanie zasad zdrowego od\u017cywiania oraz rozwijanie kreatywno\u015bci i samodzielno\u015bci dzieci. Na&#46;&#46;&#46;","og_url":"https:\/\/soswzgorzelec.eu\/?p=5222","og_site_name":"Specjalny O\u015brodek Szkolno-Wychowawczy im. Marii Grzegorzewskiej w Zgorzelcu","article_publisher":"https:\/\/www.facebook.com\/SOSW-im-Marii-Grzegorzewskiej-w-Zgorzelcu-276506309055391","article_published_time":"2026-04-22T11:51:22+00:00","article_modified_time":"2026-04-22T11:55:01+00:00","og_image":[{"width":380,"height":522,"url":"https:\/\/soswzgorzelec.eu\/wp-content\/uploads\/2026\/04\/kanapka.png","type":"image\/png"}],"author":"redaktor","twitter_card":"summary_large_image","twitter_misc":{"Napisane przez":"redaktor","Szacowany czas czytania":"2 minuty"},"schema":{"@context":"https:\/\/schema.org","@graph":[{"@type":"Article","@id":"https:\/\/soswzgorzelec.eu\/?p=5222#article","isPartOf":{"@id":"https:\/\/soswzgorzelec.eu\/?p=5222"},"author":{"name":"redaktor","@id":"https:\/\/soswzgorzelec.eu\/#\/schema\/person\/1a89c9429568b5e9faaab23db7c368cc"},"headline":"Przygotowanie zdrowych i weso\u0142ych kanapek","datePublished":"2026-04-22T11:51:22+00:00","dateModified":"2026-04-22T11:55:01+00:00","mainEntityOfPage":{"@id":"https:\/\/soswzgorzelec.eu\/?p=5222"},"wordCount":211,"publisher":{"@id":"https:\/\/soswzgorzelec.eu\/#organization"},"image":{"@id":"https:\/\/soswzgorzelec.eu\/?p=5222#primaryimage"},"thumbnailUrl":"https:\/\/soswzgorzelec.eu\/wp-content\/uploads\/2026\/04\/kanapka.png","articleSection":["Aktualno\u015bci szkolne"],"inLanguage":"pl-PL"},{"@type":"WebPage","@id":"https:\/\/soswzgorzelec.eu\/?p=5222","url":"https:\/\/soswzgorzelec.eu\/?p=5222","name":"Przygotowanie zdrowych i weso\u0142ych kanapek - Specjalny O\u015brodek Szkolno-Wychowawczy im. Marii Grzegorzewskiej w Zgorzelcu","isPartOf":{"@id":"https:\/\/soswzgorzelec.eu\/#website"},"primaryImageOfPage":{"@id":"https:\/\/soswzgorzelec.eu\/?p=5222#primaryimage"},"image":{"@id":"https:\/\/soswzgorzelec.eu\/?p=5222#primaryimage"},"thumbnailUrl":"https:\/\/soswzgorzelec.eu\/wp-content\/uploads\/2026\/04\/kanapka.png","datePublished":"2026-04-22T11:51:22+00:00","dateModified":"2026-04-22T11:55:01+00:00","breadcrumb":{"@id":"https:\/\/soswzgorzelec.eu\/?p=5222#breadcrumb"},"inLanguage":"pl-PL","potentialAction":[{"@type":"ReadAction","target":["https:\/\/soswzgorzelec.eu\/?p=5222"]}]},{"@type":"ImageObject","inLanguage":"pl-PL","@id":"https:\/\/soswzgorzelec.eu\/?p=5222#primaryimage","url":"https:\/\/soswzgorzelec.eu\/wp-content\/uploads\/2026\/04\/kanapka.png","contentUrl":"https:\/\/soswzgorzelec.eu\/wp-content\/uploads\/2026\/04\/kanapka.png","width":380,"height":522,"caption":"kanapka"},{"@type":"BreadcrumbList","@id":"https:\/\/soswzgorzelec.eu\/?p=5222#breadcrumb","itemListElement":[{"@type":"ListItem","position":1,"name":"Strona g\u0142\u00f3wna","item":"https:\/\/soswzgorzelec.eu\/"},{"@type":"ListItem","position":2,"name":"Przygotowanie zdrowych i weso\u0142ych kanapek"}]},{"@type":"WebSite","@id":"https:\/\/soswzgorzelec.eu\/#website","url":"https:\/\/soswzgorzelec.eu\/","name":"Specjalny O\u015brodek Szkolno - Wychowawczy im.Marii Grzegorzewskiej w Zgorzelcu","description":"SOSW im. Marii Grzegorzewskiej w Zgorzelcu","publisher":{"@id":"https:\/\/soswzgorzelec.eu\/#organization"},"potentialAction":[{"@type":"SearchAction","target":{"@type":"EntryPoint","urlTemplate":"https:\/\/soswzgorzelec.eu\/?s={search_term_string}"},"query-input":{"@type":"PropertyValueSpecification","valueRequired":true,"valueName":"search_term_string"}}],"inLanguage":"pl-PL"},{"@type":"Organization","@id":"https:\/\/soswzgorzelec.eu\/#organization","name":"Specjalny O\u015brodek Szkolno Wychowawczy im. Marii Grzegorzewskiej w Zgorzelcu","url":"https:\/\/soswzgorzelec.eu\/","logo":{"@type":"ImageObject","inLanguage":"pl-PL","@id":"https:\/\/soswzgorzelec.eu\/#\/schema\/logo\/image\/","url":"https:\/\/soswzgorzelec.eu\/wp-content\/uploads\/2020\/10\/cropped-header-object.png","contentUrl":"https:\/\/soswzgorzelec.eu\/wp-content\/uploads\/2020\/10\/cropped-header-object.png","width":973,"height":278,"caption":"Specjalny O\u015brodek Szkolno Wychowawczy im. Marii Grzegorzewskiej w Zgorzelcu"},"image":{"@id":"https:\/\/soswzgorzelec.eu\/#\/schema\/logo\/image\/"},"sameAs":["https:\/\/www.facebook.com\/SOSW-im-Marii-Grzegorzewskiej-w-Zgorzelcu-276506309055391"]},{"@type":"Person","@id":"https:\/\/soswzgorzelec.eu\/#\/schema\/person\/1a89c9429568b5e9faaab23db7c368cc","name":"redaktor","image":{"@type":"ImageObject","inLanguage":"pl-PL","@id":"https:\/\/secure.gravatar.com\/avatar\/662a75ae97d3e694f064ce83d50568934a641b852dc7c0842b6c2746c0a4d4a6?s=96&d=mm&r=g","url":"https:\/\/secure.gravatar.com\/avatar\/662a75ae97d3e694f064ce83d50568934a641b852dc7c0842b6c2746c0a4d4a6?s=96&d=mm&r=g","contentUrl":"https:\/\/secure.gravatar.com\/avatar\/662a75ae97d3e694f064ce83d50568934a641b852dc7c0842b6c2746c0a4d4a6?s=96&d=mm&r=g","caption":"redaktor"},"url":"https:\/\/soswzgorzelec.eu\/?author=2"}]}},"_links":{"self":[{"href":"https:\/\/soswzgorzelec.eu\/index.php?rest_route=\/wp\/v2\/posts\/5222","targetHints":{"allow":["GET"]}}],"collection":[{"href":"https:\/\/soswzgorzelec.eu\/index.php?rest_route=\/wp\/v2\/posts"}],"about":[{"href":"https:\/\/soswzgorzelec.eu\/index.php?rest_route=\/wp\/v2\/types\/post"}],"author":[{"embeddable":true,"href":"https:\/\/soswzgorzelec.eu\/index.php?rest_route=\/wp\/v2\/users\/2"}],"replies":[{"embeddable":true,"href":"https:\/\/soswzgorzelec.eu\/index.php?rest_route=%2Fwp%2Fv2%2Fcomments&post=5222"}],"version-history":[{"count":1,"href":"https:\/\/soswzgorzelec.eu\/index.php?rest_route=\/wp\/v2\/posts\/5222\/revisions"}],"predecessor-version":[{"id":5224,"href":"https:\/\/soswzgorzelec.eu\/index.php?rest_route=\/wp\/v2\/posts\/5222\/revisions\/5224"}],"wp:featuredmedia":[{"embeddable":true,"href":"https:\/\/soswzgorzelec.eu\/index.php?rest_route=\/wp\/v2\/media\/5225"}],"wp:attachment":[{"href":"https:\/\/soswzgorzelec.eu\/index.php?rest_route=%2Fwp%2Fv2%2Fmedia&parent=5222"}],"wp:term":[{"taxonomy":"category","embeddable":true,"href":"https:\/\/soswzgorzelec.eu\/index.php?rest_route=%2Fwp%2Fv2%2Fcategories&post=5222"},{"taxonomy":"post_tag","embeddable":true,"href":"https:\/\/soswzgorzelec.eu\/index.php?rest_route=%2Fwp%2Fv2%2Ftags&post=5222"}],"curies":[{"name":"wp","href":"https:\/\/api.w.org\/{rel}","templated":true}]}}